{"id":29608,"date":"2018-03-19T09:52:52","date_gmt":"2018-03-19T08:52:52","guid":{"rendered":"http:\/\/entrecourtiers.pro\/communication\/?p=29464"},"modified":"2018-04-16T13:42:36","modified_gmt":"2018-04-16T11:42:36","slug":"mise-conformite-sante-collective-2-2-2-2-2-2-2","status":"publish","type":"post","link":"https:\/\/entrecourtiers.pro\/communication\/mise-conformite-sante-collective\/","title":{"rendered":"Cotisations des surcompl\u00e9mentaires contrats collectifs en p\u00e9riode d\u00e9rogatoire"},"content":{"rendered":"<div class=\"wpb-content-wrapper\"><p>[vc_row][vc_column width=\u00a0\u00bb3\/4&Prime;][dfd_heading style=\u00a0\u00bbstyle_02&Prime; subtitle=\u00a0\u00bbSant\u00e9 collective\u00a0\u00bb content_alignment=\u00a0\u00bbtext-left\u00a0\u00bb module_animation=\u00a0\u00bbtransition.slideRightBigIn\u00a0\u00bb enable_delimiter=\u00a0\u00bb\u00a0\u00bb undefined=\u00a0\u00bb\u00a0\u00bb title_font_options=\u00a0\u00bbtag:h2|font_size:28|line_height:35|letter_spacing:-1.5&Prime; subtitle_font_options=\u00a0\u00bbtag:h6|font_size:12|color:%23545454&Prime; subheading_margin=\u00a0\u00bbmargin-bottom:10&Prime; title_responsive=\u00a0\u00bbfont_size_tablet:28|line_height_tablet:34|font_size_mobile:25|line_height_mobile:30&Prime; subtitle_responsive=\u00a0\u00bbfont_size_tablet:11|font_size_mobile:10&Prime;]Mise en conformit\u00e9 des contrats non responsables :<br \/>\ncotisations des surcompl\u00e9mentaires[\/dfd_heading][dfd_spacer screen_wide_spacer_size=\u00a0\u00bb30&Prime; screen_normal_resolution=\u00a0\u00bb1280&Prime; screen_tablet_resolution=\u00a0\u00bb1024&Prime; screen_mobile_resolution=\u00a0\u00bb800&Prime; screen_normal_spacer_size=\u00a0\u00bb20&Prime; screen_tablet_spacer_size=\u00a0\u00bb15&Prime; screen_mobile_spacer_size=\u00a0\u00bb15&Prime;][vc_column_text]<strong>Afin de maintenir les m\u00eames garanties aux assur\u00e9s<\/strong>, les contrats collectifs sant\u00e9 en p\u00e9riode d\u00e9rogatoire ont \u00e9t\u00e9 enregistr\u00e9s par d\u00e9faut \u00e0 compter du 1er janvier 2018 comme suit :<\/p>\n<ul>\n<li><strong>BASE + SURCOMPL\u00c9MENTAIRE OBLIGATOIRE avec paiement par le souscripteur.<\/strong><\/li>\n<\/ul>\n<p>Pour les dossiers o\u00f9 l\u2019entreprise ne souhaite pas maintenir la souscription obligatoire de la SURCOMPL\u00c9MENTAIRE pour tous ses salari\u00e9s, il lui suffit d\u2019en informer <span style=\"color: #ff6600;\"><strong><a style=\"color: #ff6600;\" href=\"http:\/\/info.premavals.com\/t.htm?u=\/e\/3\/41765\/2238\/146438\/r16soizfiybihjymobumezhozepvimjasam\/r.aspx\">PREMAGEST-GIE NATION<\/a><\/strong><\/span> qui enregistrera les modifications demand\u00e9es. Cette requ\u00eate devra \u00eatre accompagn\u00e9e des dossiers d\u2019adh\u00e9sion des salari\u00e9s souhaitant conserver leur surcompl\u00e9mentaire.<\/p>\n<p><strong>Quant aux modalit\u00e9s de paiement de ces nouvelles g\u00e9n\u00e9rations de contrats, deux solutions s\u2019offrent aux entreprises :<\/strong><\/p>\n<p><strong>1 \u2013 SOLUTION PR\u00c9CONIS\u00c9E :<\/strong> paiement int\u00e9gral de la cotisation (BASE + SURCOMPL\u00c9MENTAIRE) par le souscripteur et refacturation de la prime totale de la surcompl\u00e9mentaire aux salari\u00e9s via la fiche de paye.<\/p>\n<p><strong>2 \u2013<\/strong> Paiement de la BASE par le souscripteur et paiement de la surcompl\u00e9mentaire directement par le salari\u00e9 : dans ce cas, l\u2019entreprise devra transmettre \u00e0 PREMAGEST-GIE NATION pour chaque salari\u00e9, le BIA, le MANDAT SEPA compl\u00e9t\u00e9s et sign\u00e9s ainsi que le RIB correspondant.<br \/>\nCes documents ont \u00e9t\u00e9 transmis aux entreprises avec leur courrier d\u2019information relatif \u00e0 la mise en conformit\u00e9 de leur contrat.[\/vc_column_text][dfd_spacer screen_wide_spacer_size=\u00a0\u00bb30&Prime; screen_normal_resolution=\u00a0\u00bb1280&Prime; screen_tablet_resolution=\u00a0\u00bb1024&Prime; screen_mobile_resolution=\u00a0\u00bb800&Prime; screen_normal_spacer_size=\u00a0\u00bb20&Prime; screen_tablet_spacer_size=\u00a0\u00bb15&Prime; screen_mobile_spacer_size=\u00a0\u00bb15&Prime;][\/vc_column][vc_column width=\u00a0\u00bb1\/4&Prime;][dfd_spacer screen_wide_spacer_size=\u00a0\u00bb30&Prime; screen_normal_resolution=\u00a0\u00bb1280&Prime; screen_tablet_resolution=\u00a0\u00bb1024&Prime; screen_mobile_resolution=\u00a0\u00bb800&Prime; screen_normal_spacer_size=\u00a0\u00bb20&Prime; screen_tablet_spacer_size=\u00a0\u00bb15&Prime; screen_mobile_spacer_size=\u00a0\u00bb15&Prime;][dfd_info_box content_alignment=\u00a0\u00bbtext-left\u00a0\u00bb title=\u00a0\u00bbDEVOIR DE CONSEIL\u00a0\u00bb subtitle=\u00a0\u00bb\u00a0\u00bb main_content=\u00a0\u00bbNous tenons \u00e0 vous rappeler que si la surcompl\u00e9mentaire n\u2019est plus souscrite de mani\u00e8re obligatoire pour l\u2019ensemble du personnel de l\u2019entreprise, les salari\u00e9s qui feront le choix de ne pas la souscrire auront une BAISSE SIGNIFICATIVE DE GARANTIES SUR DES POSTES STRAT\u00c9GIQUES.\u00a0\u00bb ic_dfd_icons=\u00a0\u00bbdfd-socicon-warning-sign-on-a-triangular-background\u00a0\u00bb main_style=\u00a0\u00bbstyle-2&Prime; main_layout=\u00a0\u00bblayout-1&Prime; title_font_options=\u00a0\u00bbtag:div\u00a0\u00bb background_color=\u00a0\u00bb#f78b38&Prime;][dfd_spacer screen_wide_spacer_size=\u00a0\u00bb120&Prime; screen_normal_resolution=\u00a0\u00bb1280&Prime; screen_tablet_resolution=\u00a0\u00bb1024&Prime; screen_mobile_resolution=\u00a0\u00bb800&Prime; screen_wide_resolution=\u00a0\u00bb1280&Prime; screen_normal_spacer_size=\u00a0\u00bb60&Prime; screen_tablet_spacer_size=\u00a0\u00bb60&Prime; screen_mobile_spacer_size=\u00a0\u00bb40&Prime;][\/vc_column][\/vc_row][vc_row anchor=\u00a0\u00bbformulaire\u00a0\u00bb][vc_column width=\u00a0\u00bb3\/4&Prime;][dfd_spacer screen_wide_spacer_size=\u00a0\u00bb120&Prime; screen_normal_resolution=\u00a0\u00bb1280&Prime; screen_tablet_resolution=\u00a0\u00bb1024&Prime; screen_mobile_resolution=\u00a0\u00bb800&Prime; screen_wide_resolution=\u00a0\u00bb1280&Prime; screen_normal_spacer_size=\u00a0\u00bb60&Prime; screen_tablet_spacer_size=\u00a0\u00bb60&Prime; screen_mobile_spacer_size=\u00a0\u00bb40&Prime;][\/vc_column][vc_column width=\u00a0\u00bb1\/4&Prime;][\/vc_column][\/vc_row]<\/p>\n<\/div>","protected":false},"excerpt":{"rendered":"<p>[vc_row][vc_column width=\u00a0\u00bb3\/4&Prime;][dfd_heading style=\u00a0\u00bbstyle_02&Prime; subtitle=\u00a0\u00bbSant\u00e9 collective\u00a0\u00bb content_alignment=\u00a0\u00bbtext-left\u00a0\u00bb module_animation=\u00a0\u00bbtransition.slideRightBigIn\u00a0\u00bb enable_delimiter=\u00a0\u00bb\u00a0\u00bb undefined=\u00a0\u00bb\u00a0\u00bb title_font_options=\u00a0\u00bbtag:h2|font_size:28|line_height:35|letter_spacing:-1.5&Prime; subtitle_font_options=\u00a0\u00bbtag:h6|font_size:12|color:%23545454&Prime; subheading_margin=\u00a0\u00bbmargin-bottom:10&Prime; title_responsive=\u00a0\u00bbfont_size_tablet:28|line_height_tablet:34|font_size_mobile:25|line_height_mobile:30&Prime; subtitle_responsive=\u00a0\u00bbfont_size_tablet:11|font_size_mobile:10&Prime;]Mise en conformit\u00e9 des contrats non responsables : cotisations des surcompl\u00e9mentaires[\/dfd_heading][dfd_spacer screen_wide_spacer_size=\u00a0\u00bb30&Prime; screen_normal_resolution=\u00a0\u00bb1280&Prime; screen_tablet_resolution=\u00a0\u00bb1024&Prime; screen_mobile_resolution=\u00a0\u00bb800&Prime; screen_normal_spacer_size=\u00a0\u00bb20&Prime; screen_tablet_spacer_size=\u00a0\u00bb15&Prime;<\/p>\n","protected":false},"author":1,"featured_media":29010,"comment_status":"closed","ping_status":"closed","sticky":false,"template":"","format":"standard","meta":{"footnotes":""},"categories":[152],"tags":[],"acf":[],"yoast_head":"<!-- This site is optimized with the Yoast SEO plugin v21.6 - https:\/\/yoast.com\/wordpress\/plugins\/seo\/ -->\n<title>Cotisations des surcompl\u00e9mentaires contrats collectifs en p\u00e9riode d\u00e9rogatoire - PREMAVALS<\/title>\n<meta name=\"robots\" content=\"noindex, nofollow\" \/>\n<meta property=\"og:locale\" content=\"fr_FR\" \/>\n<meta property=\"og:type\" content=\"article\" \/>\n<meta property=\"og:title\" content=\"Cotisations des surcompl\u00e9mentaires contrats collectifs en p\u00e9riode d\u00e9rogatoire - PREMAVALS\" \/>\n<meta property=\"og:description\" content=\"[vc_row][vc_column width=\u00a0\u00bb3\/4&Prime;][dfd_heading style=\u00a0\u00bbstyle_02&Prime; subtitle=\u00a0\u00bbSant\u00e9 collective\u00a0\u00bb content_alignment=\u00a0\u00bbtext-left\u00a0\u00bb module_animation=\u00a0\u00bbtransition.slideRightBigIn\u00a0\u00bb enable_delimiter=\u00a0\u00bb\u00a0\u00bb undefined=\u00a0\u00bb\u00a0\u00bb title_font_options=\u00a0\u00bbtag:h2|font_size:28|line_height:35|letter_spacing:-1.5&Prime; subtitle_font_options=\u00a0\u00bbtag:h6|font_size:12|color:%23545454&Prime; subheading_margin=\u00a0\u00bbmargin-bottom:10&Prime; title_responsive=\u00a0\u00bbfont_size_tablet:28|line_height_tablet:34|font_size_mobile:25|line_height_mobile:30&Prime; subtitle_responsive=\u00a0\u00bbfont_size_tablet:11|font_size_mobile:10&Prime;]Mise en conformit\u00e9 des contrats non responsables : cotisations des surcompl\u00e9mentaires[\/dfd_heading][dfd_spacer screen_wide_spacer_size=\u00a0\u00bb30&Prime; screen_normal_resolution=\u00a0\u00bb1280&Prime; screen_tablet_resolution=\u00a0\u00bb1024&Prime; screen_mobile_resolution=\u00a0\u00bb800&Prime; screen_normal_spacer_size=\u00a0\u00bb20&Prime; screen_tablet_spacer_size=\u00a0\u00bb15&Prime;\" \/>\n<meta property=\"og:url\" content=\"https:\/\/entrecourtiers.pro\/communication\/mise-conformite-sante-collective\/\" \/>\n<meta property=\"og:site_name\" content=\"PREMAVALS\" \/>\n<meta property=\"article:published_time\" content=\"2018-03-19T08:52:52+00:00\" \/>\n<meta property=\"article:modified_time\" content=\"2018-04-16T11:42:36+00:00\" \/>\n<meta property=\"og:image\" content=\"https:\/\/entrecourtiers.pro\/communication\/wp-content\/uploads\/2017\/10\/premavals-1.jpg\" \/>\n\t<meta property=\"og:image:width\" content=\"672\" \/>\n\t<meta property=\"og:image:height\" content=\"448\" \/>\n\t<meta property=\"og:image:type\" content=\"image\/jpeg\" \/>\n<meta name=\"author\" content=\"Admin_Com\" \/>\n<meta name=\"twitter:card\" content=\"summary_large_image\" \/>\n<meta name=\"twitter:label1\" content=\"\u00c9crit par\" \/>\n\t<meta name=\"twitter:data1\" content=\"Admin_Com\" \/>\n\t<meta name=\"twitter:label2\" content=\"Dur\u00e9e de lecture estim\u00e9e\" \/>\n\t<meta name=\"twitter:data2\" content=\"3 minutes\" \/>\n<script type=\"application\/ld+json\" class=\"yoast-schema-graph\">{\"@context\":\"https:\/\/schema.org\",\"@graph\":[{\"@type\":\"Article\",\"@id\":\"https:\/\/entrecourtiers.pro\/communication\/mise-conformite-sante-collective\/#article\",\"isPartOf\":{\"@id\":\"https:\/\/entrecourtiers.pro\/communication\/mise-conformite-sante-collective\/\"},\"author\":{\"name\":\"Admin_Com\",\"@id\":\"https:\/\/entrecourtiers.pro\/communication\/#\/schema\/person\/a44fac501b208c9b6176cb1367145496\"},\"headline\":\"Cotisations des surcompl\u00e9mentaires contrats collectifs en p\u00e9riode d\u00e9rogatoire\",\"datePublished\":\"2018-03-19T08:52:52+00:00\",\"dateModified\":\"2018-04-16T11:42:36+00:00\",\"mainEntityOfPage\":{\"@id\":\"https:\/\/entrecourtiers.pro\/communication\/mise-conformite-sante-collective\/\"},\"wordCount\":559,\"publisher\":{\"@id\":\"https:\/\/entrecourtiers.pro\/communication\/#organization\"},\"articleSection\":[\"Courtage\"],\"inLanguage\":\"fr-FR\"},{\"@type\":\"WebPage\",\"@id\":\"https:\/\/entrecourtiers.pro\/communication\/mise-conformite-sante-collective\/\",\"url\":\"https:\/\/entrecourtiers.pro\/communication\/mise-conformite-sante-collective\/\",\"name\":\"Cotisations des surcompl\u00e9mentaires contrats collectifs en p\u00e9riode d\u00e9rogatoire - PREMAVALS\",\"isPartOf\":{\"@id\":\"https:\/\/entrecourtiers.pro\/communication\/#website\"},\"datePublished\":\"2018-03-19T08:52:52+00:00\",\"dateModified\":\"2018-04-16T11:42:36+00:00\",\"breadcrumb\":{\"@id\":\"https:\/\/entrecourtiers.pro\/communication\/mise-conformite-sante-collective\/#breadcrumb\"},\"inLanguage\":\"fr-FR\",\"potentialAction\":[{\"@type\":\"ReadAction\",\"target\":[\"https:\/\/entrecourtiers.pro\/communication\/mise-conformite-sante-collective\/\"]}]},{\"@type\":\"BreadcrumbList\",\"@id\":\"https:\/\/entrecourtiers.pro\/communication\/mise-conformite-sante-collective\/#breadcrumb\",\"itemListElement\":[{\"@type\":\"ListItem\",\"position\":1,\"name\":\"Accueil\",\"item\":\"https:\/\/entrecourtiers.pro\/communication\/\"},{\"@type\":\"ListItem\",\"position\":2,\"name\":\"Courtage\",\"item\":\"https:\/\/entrecourtiers.pro\/communication\/cat\/courtage\/\"},{\"@type\":\"ListItem\",\"position\":3,\"name\":\"Cotisations des surcompl\u00e9mentaires contrats collectifs en p\u00e9riode d\u00e9rogatoire\"}]},{\"@type\":\"WebSite\",\"@id\":\"https:\/\/entrecourtiers.pro\/communication\/#website\",\"url\":\"https:\/\/entrecourtiers.pro\/communication\/\",\"name\":\"PREMAVALS\",\"description\":\"Entre Courtiers\",\"publisher\":{\"@id\":\"https:\/\/entrecourtiers.pro\/communication\/#organization\"},\"potentialAction\":[{\"@type\":\"SearchAction\",\"target\":{\"@type\":\"EntryPoint\",\"urlTemplate\":\"https:\/\/entrecourtiers.pro\/communication\/?s={search_term_string}\"},\"query-input\":\"required name=search_term_string\"}],\"inLanguage\":\"fr-FR\"},{\"@type\":\"Organization\",\"@id\":\"https:\/\/entrecourtiers.pro\/communication\/#organization\",\"name\":\"PREMAVALS\",\"url\":\"https:\/\/entrecourtiers.pro\/communication\/\",\"logo\":{\"@type\":\"ImageObject\",\"inLanguage\":\"fr-FR\",\"@id\":\"https:\/\/entrecourtiers.pro\/communication\/#\/schema\/logo\/image\/\",\"url\":\"http:\/\/entrecourtiers.pro\/communication\/wp-content\/uploads\/2019\/07\/logo_premavals_petit.png\",\"contentUrl\":\"http:\/\/entrecourtiers.pro\/communication\/wp-content\/uploads\/2019\/07\/logo_premavals_petit.png\",\"width\":112,\"height\":37,\"caption\":\"PREMAVALS\"},\"image\":{\"@id\":\"https:\/\/entrecourtiers.pro\/communication\/#\/schema\/logo\/image\/\"}},{\"@type\":\"Person\",\"@id\":\"https:\/\/entrecourtiers.pro\/communication\/#\/schema\/person\/a44fac501b208c9b6176cb1367145496\",\"name\":\"Admin_Com\",\"image\":{\"@type\":\"ImageObject\",\"inLanguage\":\"fr-FR\",\"@id\":\"https:\/\/entrecourtiers.pro\/communication\/#\/schema\/person\/image\/\",\"url\":\"https:\/\/secure.gravatar.com\/avatar\/0390f027095677c3e27151bca8f83a5d?s=96&d=mm&r=g\",\"contentUrl\":\"https:\/\/secure.gravatar.com\/avatar\/0390f027095677c3e27151bca8f83a5d?s=96&d=mm&r=g\",\"caption\":\"Admin_Com\"}}]}<\/script>\n<!-- \/ Yoast SEO plugin. -->","yoast_head_json":{"title":"Cotisations des surcompl\u00e9mentaires contrats collectifs en p\u00e9riode d\u00e9rogatoire - PREMAVALS","robots":{"index":"noindex","follow":"nofollow"},"og_locale":"fr_FR","og_type":"article","og_title":"Cotisations des surcompl\u00e9mentaires contrats collectifs en p\u00e9riode d\u00e9rogatoire - PREMAVALS","og_description":"[vc_row][vc_column width=\u00a0\u00bb3\/4&Prime;][dfd_heading style=\u00a0\u00bbstyle_02&Prime; subtitle=\u00a0\u00bbSant\u00e9 collective\u00a0\u00bb content_alignment=\u00a0\u00bbtext-left\u00a0\u00bb module_animation=\u00a0\u00bbtransition.slideRightBigIn\u00a0\u00bb enable_delimiter=\u00a0\u00bb\u00a0\u00bb undefined=\u00a0\u00bb\u00a0\u00bb title_font_options=\u00a0\u00bbtag:h2|font_size:28|line_height:35|letter_spacing:-1.5&Prime; subtitle_font_options=\u00a0\u00bbtag:h6|font_size:12|color:%23545454&Prime; subheading_margin=\u00a0\u00bbmargin-bottom:10&Prime; title_responsive=\u00a0\u00bbfont_size_tablet:28|line_height_tablet:34|font_size_mobile:25|line_height_mobile:30&Prime; subtitle_responsive=\u00a0\u00bbfont_size_tablet:11|font_size_mobile:10&Prime;]Mise en conformit\u00e9 des contrats non responsables : cotisations des surcompl\u00e9mentaires[\/dfd_heading][dfd_spacer screen_wide_spacer_size=\u00a0\u00bb30&Prime; screen_normal_resolution=\u00a0\u00bb1280&Prime; screen_tablet_resolution=\u00a0\u00bb1024&Prime; screen_mobile_resolution=\u00a0\u00bb800&Prime; screen_normal_spacer_size=\u00a0\u00bb20&Prime; screen_tablet_spacer_size=\u00a0\u00bb15&Prime;","og_url":"https:\/\/entrecourtiers.pro\/communication\/mise-conformite-sante-collective\/","og_site_name":"PREMAVALS","article_published_time":"2018-03-19T08:52:52+00:00","article_modified_time":"2018-04-16T11:42:36+00:00","og_image":[{"width":672,"height":448,"url":"https:\/\/entrecourtiers.pro\/communication\/wp-content\/uploads\/2017\/10\/premavals-1.jpg","type":"image\/jpeg"}],"author":"Admin_Com","twitter_card":"summary_large_image","twitter_misc":{"\u00c9crit par":"Admin_Com","Dur\u00e9e de lecture estim\u00e9e":"3 minutes"},"schema":{"@context":"https:\/\/schema.org","@graph":[{"@type":"Article","@id":"https:\/\/entrecourtiers.pro\/communication\/mise-conformite-sante-collective\/#article","isPartOf":{"@id":"https:\/\/entrecourtiers.pro\/communication\/mise-conformite-sante-collective\/"},"author":{"name":"Admin_Com","@id":"https:\/\/entrecourtiers.pro\/communication\/#\/schema\/person\/a44fac501b208c9b6176cb1367145496"},"headline":"Cotisations des surcompl\u00e9mentaires contrats collectifs en p\u00e9riode d\u00e9rogatoire","datePublished":"2018-03-19T08:52:52+00:00","dateModified":"2018-04-16T11:42:36+00:00","mainEntityOfPage":{"@id":"https:\/\/entrecourtiers.pro\/communication\/mise-conformite-sante-collective\/"},"wordCount":559,"publisher":{"@id":"https:\/\/entrecourtiers.pro\/communication\/#organization"},"articleSection":["Courtage"],"inLanguage":"fr-FR"},{"@type":"WebPage","@id":"https:\/\/entrecourtiers.pro\/communication\/mise-conformite-sante-collective\/","url":"https:\/\/entrecourtiers.pro\/communication\/mise-conformite-sante-collective\/","name":"Cotisations des surcompl\u00e9mentaires contrats collectifs en p\u00e9riode d\u00e9rogatoire - PREMAVALS","isPartOf":{"@id":"https:\/\/entrecourtiers.pro\/communication\/#website"},"datePublished":"2018-03-19T08:52:52+00:00","dateModified":"2018-04-16T11:42:36+00:00","breadcrumb":{"@id":"https:\/\/entrecourtiers.pro\/communication\/mise-conformite-sante-collective\/#breadcrumb"},"inLanguage":"fr-FR","potentialAction":[{"@type":"ReadAction","target":["https:\/\/entrecourtiers.pro\/communication\/mise-conformite-sante-collective\/"]}]},{"@type":"BreadcrumbList","@id":"https:\/\/entrecourtiers.pro\/communication\/mise-conformite-sante-collective\/#breadcrumb","itemListElement":[{"@type":"ListItem","position":1,"name":"Accueil","item":"https:\/\/entrecourtiers.pro\/communication\/"},{"@type":"ListItem","position":2,"name":"Courtage","item":"https:\/\/entrecourtiers.pro\/communication\/cat\/courtage\/"},{"@type":"ListItem","position":3,"name":"Cotisations des surcompl\u00e9mentaires contrats collectifs en p\u00e9riode d\u00e9rogatoire"}]},{"@type":"WebSite","@id":"https:\/\/entrecourtiers.pro\/communication\/#website","url":"https:\/\/entrecourtiers.pro\/communication\/","name":"PREMAVALS","description":"Entre Courtiers","publisher":{"@id":"https:\/\/entrecourtiers.pro\/communication\/#organization"},"potentialAction":[{"@type":"SearchAction","target":{"@type":"EntryPoint","urlTemplate":"https:\/\/entrecourtiers.pro\/communication\/?s={search_term_string}"},"query-input":"required name=search_term_string"}],"inLanguage":"fr-FR"},{"@type":"Organization","@id":"https:\/\/entrecourtiers.pro\/communication\/#organization","name":"PREMAVALS","url":"https:\/\/entrecourtiers.pro\/communication\/","logo":{"@type":"ImageObject","inLanguage":"fr-FR","@id":"https:\/\/entrecourtiers.pro\/communication\/#\/schema\/logo\/image\/","url":"http:\/\/entrecourtiers.pro\/communication\/wp-content\/uploads\/2019\/07\/logo_premavals_petit.png","contentUrl":"http:\/\/entrecourtiers.pro\/communication\/wp-content\/uploads\/2019\/07\/logo_premavals_petit.png","width":112,"height":37,"caption":"PREMAVALS"},"image":{"@id":"https:\/\/entrecourtiers.pro\/communication\/#\/schema\/logo\/image\/"}},{"@type":"Person","@id":"https:\/\/entrecourtiers.pro\/communication\/#\/schema\/person\/a44fac501b208c9b6176cb1367145496","name":"Admin_Com","image":{"@type":"ImageObject","inLanguage":"fr-FR","@id":"https:\/\/entrecourtiers.pro\/communication\/#\/schema\/person\/image\/","url":"https:\/\/secure.gravatar.com\/avatar\/0390f027095677c3e27151bca8f83a5d?s=96&d=mm&r=g","contentUrl":"https:\/\/secure.gravatar.com\/avatar\/0390f027095677c3e27151bca8f83a5d?s=96&d=mm&r=g","caption":"Admin_Com"}}]}},"jetpack_featured_media_url":"https:\/\/entrecourtiers.pro\/communication\/wp-content\/uploads\/2017\/10\/premavals-1.jpg","_links":{"self":[{"href":"https:\/\/entrecourtiers.pro\/communication\/wp-json\/wp\/v2\/posts\/29608"}],"collection":[{"href":"https:\/\/entrecourtiers.pro\/communication\/wp-json\/wp\/v2\/posts"}],"about":[{"href":"https:\/\/entrecourtiers.pro\/communication\/wp-json\/wp\/v2\/types\/post"}],"author":[{"embeddable":true,"href":"https:\/\/entrecourtiers.pro\/communication\/wp-json\/wp\/v2\/users\/1"}],"replies":[{"embeddable":true,"href":"https:\/\/entrecourtiers.pro\/communication\/wp-json\/wp\/v2\/comments?post=29608"}],"version-history":[{"count":0,"href":"https:\/\/entrecourtiers.pro\/communication\/wp-json\/wp\/v2\/posts\/29608\/revisions"}],"wp:featuredmedia":[{"embeddable":true,"href":"https:\/\/entrecourtiers.pro\/communication\/wp-json\/wp\/v2\/media\/29010"}],"wp:attachment":[{"href":"https:\/\/entrecourtiers.pro\/communication\/wp-json\/wp\/v2\/media?parent=29608"}],"wp:term":[{"taxonomy":"category","embeddable":true,"href":"https:\/\/entrecourtiers.pro\/communication\/wp-json\/wp\/v2\/categories?post=29608"},{"taxonomy":"post_tag","embeddable":true,"href":"https:\/\/entrecourtiers.pro\/communication\/wp-json\/wp\/v2\/tags?post=29608"}],"curies":[{"name":"wp","href":"https:\/\/api.w.org\/{rel}","templated":true}]}}