{"id":29207,"date":"2017-12-01T14:38:28","date_gmt":"2017-12-01T13:38:28","guid":{"rendered":"http:\/\/entrecourtiers.pro\/communication\/?p=29207"},"modified":"2018-02-02T10:03:16","modified_gmt":"2018-02-02T09:03:16","slug":"mise-conformite-sante-collective-2","status":"publish","type":"post","link":"https:\/\/entrecourtiers.pro\/communication\/teletransmission-au-1er-janvier-2018\/","title":{"rendered":"T\u00e9l\u00e9transmission au 1er janvier 2018"},"content":{"rendered":"<div class=\"wpb-content-wrapper\"><p>[vc_row][vc_column width=\u00a0\u00bb3\/4&Prime;][dfd_heading style=\u00a0\u00bbstyle_02&Prime; subtitle=\u00a0\u00bbNouveau gestionnaire sant\u00e9\u00a0\u00bb content_alignment=\u00a0\u00bbtext-left\u00a0\u00bb module_animation=\u00a0\u00bbtransition.slideRightBigIn\u00a0\u00bb enable_delimiter=\u00a0\u00bb\u00a0\u00bb undefined=\u00a0\u00bb\u00a0\u00bb title_font_options=\u00a0\u00bbtag:h2|font_size:28|line_height:35|letter_spacing:-1.5&Prime; subtitle_font_options=\u00a0\u00bbtag:h6|font_size:12|color:%23545454&Prime; subheading_margin=\u00a0\u00bbmargin-bottom:10&Prime; title_responsive=\u00a0\u00bbfont_size_tablet:28|line_height_tablet:34|font_size_mobile:25|line_height_mobile:30&Prime; subtitle_responsive=\u00a0\u00bbfont_size_tablet:11|font_size_mobile:10&Prime;]T\u00e9l\u00e9transmission<em class=\"dfd-textmodule-featured-decoration\"> au 1er janvier 2018<\/em>[\/dfd_heading][dfd_spacer screen_wide_spacer_size=\u00a0\u00bb30&Prime; screen_normal_resolution=\u00a0\u00bb1280&Prime; screen_tablet_resolution=\u00a0\u00bb1024&Prime; screen_mobile_resolution=\u00a0\u00bb800&Prime; screen_normal_spacer_size=\u00a0\u00bb20&Prime; screen_tablet_spacer_size=\u00a0\u00bb15&Prime; screen_mobile_spacer_size=\u00a0\u00bb15&Prime;][vc_column_text]Dans le cadre du changement de gestionnaire de nos contrats sant\u00e9, il se peut que vos assur\u00e9s rencontrent des probl\u00e8mes momentan\u00e9s de t\u00e9l\u00e9transmission et trouvent inscrit sur le d\u00e9compte de leur R\u00e9gime Obligatoire\u00a0: \u00ab\u00a0ce d\u00e9compte n\u2019a pas \u00e9t\u00e9 transmis \u00e0 un organisme compl\u00e9mentaire.\u00a0\u00bb<\/p>\n<p>Si tel est le cas, il leur suffira de transmettre au gestionnaire concern\u00e9 et en fonction de la date de leurs soins, l\u2019original de ce d\u00e9compte\u00a0:<\/p>\n<ul>\n<li>Dates de soins jusqu\u2019au 31\/12\/2017\u00a0: GFP-PREMAGEST, 28039 Chartres Cedex.<\/li>\n<li>Dates de soins \u00e0 partir du 01\/01\/2018\u00a0: PREMAGEST-GIE NATION, 178 rue Montmartre &#8211; 75082 Paris Cedex\u00a002.<\/li>\n<\/ul>\n<p><a href=\"https:\/\/services.message-business.com\/v3\/tracking\/e\/3\/41765\/2101\/140578\/r.aspx\"><strong>Une circulaire relative \u00e0 la t\u00e9l\u00e9transmission<\/strong><\/a> (lien) leur sera remise avec leur carte de Tiers Payant.<\/p>\n<p>Nous restons \u00e0 votre disposition pour toute information compl\u00e9mentaire.[\/vc_column_text][dfd_spacer screen_wide_spacer_size=\u00a0\u00bb120&Prime; screen_normal_resolution=\u00a0\u00bb1280&Prime; screen_tablet_resolution=\u00a0\u00bb1024&Prime; screen_mobile_resolution=\u00a0\u00bb800&Prime; screen_wide_resolution=\u00a0\u00bb1280&Prime; screen_normal_spacer_size=\u00a0\u00bb60&Prime; screen_tablet_spacer_size=\u00a0\u00bb60&Prime; screen_mobile_spacer_size=\u00a0\u00bb40&Prime;][\/vc_column][vc_column width=\u00a0\u00bb1\/4&Prime;][\/vc_column][\/vc_row]<\/p>\n<\/div>","protected":false},"excerpt":{"rendered":"<p>[vc_row][vc_column width=\u00a0\u00bb3\/4&Prime;][dfd_heading style=\u00a0\u00bbstyle_02&Prime; subtitle=\u00a0\u00bbNouveau gestionnaire sant\u00e9\u00a0\u00bb content_alignment=\u00a0\u00bbtext-left\u00a0\u00bb module_animation=\u00a0\u00bbtransition.slideRightBigIn\u00a0\u00bb enable_delimiter=\u00a0\u00bb\u00a0\u00bb undefined=\u00a0\u00bb\u00a0\u00bb title_font_options=\u00a0\u00bbtag:h2|font_size:28|line_height:35|letter_spacing:-1.5&Prime; subtitle_font_options=\u00a0\u00bbtag:h6|font_size:12|color:%23545454&Prime; subheading_margin=\u00a0\u00bbmargin-bottom:10&Prime; title_responsive=\u00a0\u00bbfont_size_tablet:28|line_height_tablet:34|font_size_mobile:25|line_height_mobile:30&Prime; subtitle_responsive=\u00a0\u00bbfont_size_tablet:11|font_size_mobile:10&Prime;]T\u00e9l\u00e9transmission au 1er janvier 2018[\/dfd_heading][dfd_spacer screen_wide_spacer_size=\u00a0\u00bb30&Prime; screen_normal_resolution=\u00a0\u00bb1280&Prime; screen_tablet_resolution=\u00a0\u00bb1024&Prime; screen_mobile_resolution=\u00a0\u00bb800&Prime; screen_normal_spacer_size=\u00a0\u00bb20&Prime; screen_tablet_spacer_size=\u00a0\u00bb15&Prime; screen_mobile_spacer_size=\u00a0\u00bb15&Prime;][vc_column_text]Dans le cadre du changement<\/p>\n","protected":false},"author":1,"featured_media":29010,"comment_status":"closed","ping_status":"closed","sticky":false,"template":"","format":"standard","meta":{"footnotes":""},"categories":[152],"tags":[],"acf":[],"yoast_head":"<!-- This site is optimized with the Yoast SEO plugin v21.6 - https:\/\/yoast.com\/wordpress\/plugins\/seo\/ -->\n<title>T\u00e9l\u00e9transmission au 1er janvier 2018 - PREMAVALS<\/title>\n<meta name=\"robots\" content=\"noindex, nofollow\" \/>\n<meta property=\"og:locale\" content=\"fr_FR\" \/>\n<meta property=\"og:type\" content=\"article\" \/>\n<meta property=\"og:title\" content=\"T\u00e9l\u00e9transmission au 1er janvier 2018 - PREMAVALS\" \/>\n<meta property=\"og:description\" content=\"[vc_row][vc_column width=\u00a0\u00bb3\/4&Prime;][dfd_heading style=\u00a0\u00bbstyle_02&Prime; subtitle=\u00a0\u00bbNouveau gestionnaire sant\u00e9\u00a0\u00bb content_alignment=\u00a0\u00bbtext-left\u00a0\u00bb module_animation=\u00a0\u00bbtransition.slideRightBigIn\u00a0\u00bb enable_delimiter=\u00a0\u00bb\u00a0\u00bb undefined=\u00a0\u00bb\u00a0\u00bb title_font_options=\u00a0\u00bbtag:h2|font_size:28|line_height:35|letter_spacing:-1.5&Prime; subtitle_font_options=\u00a0\u00bbtag:h6|font_size:12|color:%23545454&Prime; subheading_margin=\u00a0\u00bbmargin-bottom:10&Prime; title_responsive=\u00a0\u00bbfont_size_tablet:28|line_height_tablet:34|font_size_mobile:25|line_height_mobile:30&Prime; subtitle_responsive=\u00a0\u00bbfont_size_tablet:11|font_size_mobile:10&Prime;]T\u00e9l\u00e9transmission au 1er janvier 2018[\/dfd_heading][dfd_spacer screen_wide_spacer_size=\u00a0\u00bb30&Prime; screen_normal_resolution=\u00a0\u00bb1280&Prime; screen_tablet_resolution=\u00a0\u00bb1024&Prime; screen_mobile_resolution=\u00a0\u00bb800&Prime; screen_normal_spacer_size=\u00a0\u00bb20&Prime; screen_tablet_spacer_size=\u00a0\u00bb15&Prime; screen_mobile_spacer_size=\u00a0\u00bb15&Prime;][vc_column_text]Dans le cadre du changement\" \/>\n<meta property=\"og:url\" content=\"https:\/\/entrecourtiers.pro\/communication\/teletransmission-au-1er-janvier-2018\/\" \/>\n<meta property=\"og:site_name\" content=\"PREMAVALS\" \/>\n<meta property=\"article:published_time\" content=\"2017-12-01T13:38:28+00:00\" \/>\n<meta property=\"article:modified_time\" content=\"2018-02-02T09:03:16+00:00\" \/>\n<meta property=\"og:image\" content=\"https:\/\/entrecourtiers.pro\/communication\/wp-content\/uploads\/2017\/10\/premavals-1.jpg\" \/>\n\t<meta property=\"og:image:width\" content=\"672\" \/>\n\t<meta property=\"og:image:height\" content=\"448\" \/>\n\t<meta property=\"og:image:type\" content=\"image\/jpeg\" \/>\n<meta name=\"author\" content=\"Admin_Com\" \/>\n<meta name=\"twitter:card\" content=\"summary_large_image\" \/>\n<meta name=\"twitter:label1\" content=\"\u00c9crit par\" \/>\n\t<meta name=\"twitter:data1\" content=\"Admin_Com\" \/>\n\t<meta name=\"twitter:label2\" content=\"Dur\u00e9e de lecture estim\u00e9e\" \/>\n\t<meta name=\"twitter:data2\" content=\"1 minute\" \/>\n<script type=\"application\/ld+json\" class=\"yoast-schema-graph\">{\"@context\":\"https:\/\/schema.org\",\"@graph\":[{\"@type\":\"Article\",\"@id\":\"https:\/\/entrecourtiers.pro\/communication\/teletransmission-au-1er-janvier-2018\/#article\",\"isPartOf\":{\"@id\":\"https:\/\/entrecourtiers.pro\/communication\/teletransmission-au-1er-janvier-2018\/\"},\"author\":{\"name\":\"Admin_Com\",\"@id\":\"https:\/\/entrecourtiers.pro\/communication\/#\/schema\/person\/a44fac501b208c9b6176cb1367145496\"},\"headline\":\"T\u00e9l\u00e9transmission au 1er janvier 2018\",\"datePublished\":\"2017-12-01T13:38:28+00:00\",\"dateModified\":\"2018-02-02T09:03:16+00:00\",\"mainEntityOfPage\":{\"@id\":\"https:\/\/entrecourtiers.pro\/communication\/teletransmission-au-1er-janvier-2018\/\"},\"wordCount\":280,\"publisher\":{\"@id\":\"https:\/\/entrecourtiers.pro\/communication\/#organization\"},\"articleSection\":[\"Courtage\"],\"inLanguage\":\"fr-FR\"},{\"@type\":\"WebPage\",\"@id\":\"https:\/\/entrecourtiers.pro\/communication\/teletransmission-au-1er-janvier-2018\/\",\"url\":\"https:\/\/entrecourtiers.pro\/communication\/teletransmission-au-1er-janvier-2018\/\",\"name\":\"T\u00e9l\u00e9transmission au 1er janvier 2018 - PREMAVALS\",\"isPartOf\":{\"@id\":\"https:\/\/entrecourtiers.pro\/communication\/#website\"},\"datePublished\":\"2017-12-01T13:38:28+00:00\",\"dateModified\":\"2018-02-02T09:03:16+00:00\",\"breadcrumb\":{\"@id\":\"https:\/\/entrecourtiers.pro\/communication\/teletransmission-au-1er-janvier-2018\/#breadcrumb\"},\"inLanguage\":\"fr-FR\",\"potentialAction\":[{\"@type\":\"ReadAction\",\"target\":[\"https:\/\/entrecourtiers.pro\/communication\/teletransmission-au-1er-janvier-2018\/\"]}]},{\"@type\":\"BreadcrumbList\",\"@id\":\"https:\/\/entrecourtiers.pro\/communication\/teletransmission-au-1er-janvier-2018\/#breadcrumb\",\"itemListElement\":[{\"@type\":\"ListItem\",\"position\":1,\"name\":\"Accueil\",\"item\":\"https:\/\/entrecourtiers.pro\/communication\/\"},{\"@type\":\"ListItem\",\"position\":2,\"name\":\"Courtage\",\"item\":\"https:\/\/entrecourtiers.pro\/communication\/cat\/courtage\/\"},{\"@type\":\"ListItem\",\"position\":3,\"name\":\"T\u00e9l\u00e9transmission au 1er janvier 2018\"}]},{\"@type\":\"WebSite\",\"@id\":\"https:\/\/entrecourtiers.pro\/communication\/#website\",\"url\":\"https:\/\/entrecourtiers.pro\/communication\/\",\"name\":\"PREMAVALS\",\"description\":\"Entre Courtiers\",\"publisher\":{\"@id\":\"https:\/\/entrecourtiers.pro\/communication\/#organization\"},\"potentialAction\":[{\"@type\":\"SearchAction\",\"target\":{\"@type\":\"EntryPoint\",\"urlTemplate\":\"https:\/\/entrecourtiers.pro\/communication\/?s={search_term_string}\"},\"query-input\":\"required name=search_term_string\"}],\"inLanguage\":\"fr-FR\"},{\"@type\":\"Organization\",\"@id\":\"https:\/\/entrecourtiers.pro\/communication\/#organization\",\"name\":\"PREMAVALS\",\"url\":\"https:\/\/entrecourtiers.pro\/communication\/\",\"logo\":{\"@type\":\"ImageObject\",\"inLanguage\":\"fr-FR\",\"@id\":\"https:\/\/entrecourtiers.pro\/communication\/#\/schema\/logo\/image\/\",\"url\":\"http:\/\/entrecourtiers.pro\/communication\/wp-content\/uploads\/2019\/07\/logo_premavals_petit.png\",\"contentUrl\":\"http:\/\/entrecourtiers.pro\/communication\/wp-content\/uploads\/2019\/07\/logo_premavals_petit.png\",\"width\":112,\"height\":37,\"caption\":\"PREMAVALS\"},\"image\":{\"@id\":\"https:\/\/entrecourtiers.pro\/communication\/#\/schema\/logo\/image\/\"}},{\"@type\":\"Person\",\"@id\":\"https:\/\/entrecourtiers.pro\/communication\/#\/schema\/person\/a44fac501b208c9b6176cb1367145496\",\"name\":\"Admin_Com\",\"image\":{\"@type\":\"ImageObject\",\"inLanguage\":\"fr-FR\",\"@id\":\"https:\/\/entrecourtiers.pro\/communication\/#\/schema\/person\/image\/\",\"url\":\"https:\/\/secure.gravatar.com\/avatar\/0390f027095677c3e27151bca8f83a5d?s=96&d=mm&r=g\",\"contentUrl\":\"https:\/\/secure.gravatar.com\/avatar\/0390f027095677c3e27151bca8f83a5d?s=96&d=mm&r=g\",\"caption\":\"Admin_Com\"}}]}<\/script>\n<!-- \/ Yoast SEO plugin. -->","yoast_head_json":{"title":"T\u00e9l\u00e9transmission au 1er janvier 2018 - PREMAVALS","robots":{"index":"noindex","follow":"nofollow"},"og_locale":"fr_FR","og_type":"article","og_title":"T\u00e9l\u00e9transmission au 1er janvier 2018 - PREMAVALS","og_description":"[vc_row][vc_column width=\u00a0\u00bb3\/4&Prime;][dfd_heading style=\u00a0\u00bbstyle_02&Prime; subtitle=\u00a0\u00bbNouveau gestionnaire sant\u00e9\u00a0\u00bb content_alignment=\u00a0\u00bbtext-left\u00a0\u00bb module_animation=\u00a0\u00bbtransition.slideRightBigIn\u00a0\u00bb enable_delimiter=\u00a0\u00bb\u00a0\u00bb undefined=\u00a0\u00bb\u00a0\u00bb title_font_options=\u00a0\u00bbtag:h2|font_size:28|line_height:35|letter_spacing:-1.5&Prime; subtitle_font_options=\u00a0\u00bbtag:h6|font_size:12|color:%23545454&Prime; subheading_margin=\u00a0\u00bbmargin-bottom:10&Prime; title_responsive=\u00a0\u00bbfont_size_tablet:28|line_height_tablet:34|font_size_mobile:25|line_height_mobile:30&Prime; subtitle_responsive=\u00a0\u00bbfont_size_tablet:11|font_size_mobile:10&Prime;]T\u00e9l\u00e9transmission au 1er janvier 2018[\/dfd_heading][dfd_spacer screen_wide_spacer_size=\u00a0\u00bb30&Prime; screen_normal_resolution=\u00a0\u00bb1280&Prime; screen_tablet_resolution=\u00a0\u00bb1024&Prime; screen_mobile_resolution=\u00a0\u00bb800&Prime; screen_normal_spacer_size=\u00a0\u00bb20&Prime; screen_tablet_spacer_size=\u00a0\u00bb15&Prime; screen_mobile_spacer_size=\u00a0\u00bb15&Prime;][vc_column_text]Dans le cadre du changement","og_url":"https:\/\/entrecourtiers.pro\/communication\/teletransmission-au-1er-janvier-2018\/","og_site_name":"PREMAVALS","article_published_time":"2017-12-01T13:38:28+00:00","article_modified_time":"2018-02-02T09:03:16+00:00","og_image":[{"width":672,"height":448,"url":"https:\/\/entrecourtiers.pro\/communication\/wp-content\/uploads\/2017\/10\/premavals-1.jpg","type":"image\/jpeg"}],"author":"Admin_Com","twitter_card":"summary_large_image","twitter_misc":{"\u00c9crit par":"Admin_Com","Dur\u00e9e de lecture estim\u00e9e":"1 minute"},"schema":{"@context":"https:\/\/schema.org","@graph":[{"@type":"Article","@id":"https:\/\/entrecourtiers.pro\/communication\/teletransmission-au-1er-janvier-2018\/#article","isPartOf":{"@id":"https:\/\/entrecourtiers.pro\/communication\/teletransmission-au-1er-janvier-2018\/"},"author":{"name":"Admin_Com","@id":"https:\/\/entrecourtiers.pro\/communication\/#\/schema\/person\/a44fac501b208c9b6176cb1367145496"},"headline":"T\u00e9l\u00e9transmission au 1er janvier 2018","datePublished":"2017-12-01T13:38:28+00:00","dateModified":"2018-02-02T09:03:16+00:00","mainEntityOfPage":{"@id":"https:\/\/entrecourtiers.pro\/communication\/teletransmission-au-1er-janvier-2018\/"},"wordCount":280,"publisher":{"@id":"https:\/\/entrecourtiers.pro\/communication\/#organization"},"articleSection":["Courtage"],"inLanguage":"fr-FR"},{"@type":"WebPage","@id":"https:\/\/entrecourtiers.pro\/communication\/teletransmission-au-1er-janvier-2018\/","url":"https:\/\/entrecourtiers.pro\/communication\/teletransmission-au-1er-janvier-2018\/","name":"T\u00e9l\u00e9transmission au 1er janvier 2018 - PREMAVALS","isPartOf":{"@id":"https:\/\/entrecourtiers.pro\/communication\/#website"},"datePublished":"2017-12-01T13:38:28+00:00","dateModified":"2018-02-02T09:03:16+00:00","breadcrumb":{"@id":"https:\/\/entrecourtiers.pro\/communication\/teletransmission-au-1er-janvier-2018\/#breadcrumb"},"inLanguage":"fr-FR","potentialAction":[{"@type":"ReadAction","target":["https:\/\/entrecourtiers.pro\/communication\/teletransmission-au-1er-janvier-2018\/"]}]},{"@type":"BreadcrumbList","@id":"https:\/\/entrecourtiers.pro\/communication\/teletransmission-au-1er-janvier-2018\/#breadcrumb","itemListElement":[{"@type":"ListItem","position":1,"name":"Accueil","item":"https:\/\/entrecourtiers.pro\/communication\/"},{"@type":"ListItem","position":2,"name":"Courtage","item":"https:\/\/entrecourtiers.pro\/communication\/cat\/courtage\/"},{"@type":"ListItem","position":3,"name":"T\u00e9l\u00e9transmission au 1er janvier 2018"}]},{"@type":"WebSite","@id":"https:\/\/entrecourtiers.pro\/communication\/#website","url":"https:\/\/entrecourtiers.pro\/communication\/","name":"PREMAVALS","description":"Entre Courtiers","publisher":{"@id":"https:\/\/entrecourtiers.pro\/communication\/#organization"},"potentialAction":[{"@type":"SearchAction","target":{"@type":"EntryPoint","urlTemplate":"https:\/\/entrecourtiers.pro\/communication\/?s={search_term_string}"},"query-input":"required name=search_term_string"}],"inLanguage":"fr-FR"},{"@type":"Organization","@id":"https:\/\/entrecourtiers.pro\/communication\/#organization","name":"PREMAVALS","url":"https:\/\/entrecourtiers.pro\/communication\/","logo":{"@type":"ImageObject","inLanguage":"fr-FR","@id":"https:\/\/entrecourtiers.pro\/communication\/#\/schema\/logo\/image\/","url":"http:\/\/entrecourtiers.pro\/communication\/wp-content\/uploads\/2019\/07\/logo_premavals_petit.png","contentUrl":"http:\/\/entrecourtiers.pro\/communication\/wp-content\/uploads\/2019\/07\/logo_premavals_petit.png","width":112,"height":37,"caption":"PREMAVALS"},"image":{"@id":"https:\/\/entrecourtiers.pro\/communication\/#\/schema\/logo\/image\/"}},{"@type":"Person","@id":"https:\/\/entrecourtiers.pro\/communication\/#\/schema\/person\/a44fac501b208c9b6176cb1367145496","name":"Admin_Com","image":{"@type":"ImageObject","inLanguage":"fr-FR","@id":"https:\/\/entrecourtiers.pro\/communication\/#\/schema\/person\/image\/","url":"https:\/\/secure.gravatar.com\/avatar\/0390f027095677c3e27151bca8f83a5d?s=96&d=mm&r=g","contentUrl":"https:\/\/secure.gravatar.com\/avatar\/0390f027095677c3e27151bca8f83a5d?s=96&d=mm&r=g","caption":"Admin_Com"}}]}},"jetpack_featured_media_url":"https:\/\/entrecourtiers.pro\/communication\/wp-content\/uploads\/2017\/10\/premavals-1.jpg","_links":{"self":[{"href":"https:\/\/entrecourtiers.pro\/communication\/wp-json\/wp\/v2\/posts\/29207"}],"collection":[{"href":"https:\/\/entrecourtiers.pro\/communication\/wp-json\/wp\/v2\/posts"}],"about":[{"href":"https:\/\/entrecourtiers.pro\/communication\/wp-json\/wp\/v2\/types\/post"}],"author":[{"embeddable":true,"href":"https:\/\/entrecourtiers.pro\/communication\/wp-json\/wp\/v2\/users\/1"}],"replies":[{"embeddable":true,"href":"https:\/\/entrecourtiers.pro\/communication\/wp-json\/wp\/v2\/comments?post=29207"}],"version-history":[{"count":0,"href":"https:\/\/entrecourtiers.pro\/communication\/wp-json\/wp\/v2\/posts\/29207\/revisions"}],"wp:featuredmedia":[{"embeddable":true,"href":"https:\/\/entrecourtiers.pro\/communication\/wp-json\/wp\/v2\/media\/29010"}],"wp:attachment":[{"href":"https:\/\/entrecourtiers.pro\/communication\/wp-json\/wp\/v2\/media?parent=29207"}],"wp:term":[{"taxonomy":"category","embeddable":true,"href":"https:\/\/entrecourtiers.pro\/communication\/wp-json\/wp\/v2\/categories?post=29207"},{"taxonomy":"post_tag","embeddable":true,"href":"https:\/\/entrecourtiers.pro\/communication\/wp-json\/wp\/v2\/tags?post=29207"}],"curies":[{"name":"wp","href":"https:\/\/api.w.org\/{rel}","templated":true}]}}