{"id":21542,"date":"2017-03-06T09:57:34","date_gmt":"2017-03-06T08:57:34","guid":{"rendered":"http:\/\/entrecourtiers.pro\/communication\/?p=21542"},"modified":"2019-01-18T11:20:26","modified_gmt":"2019-01-18T10:20:26","slug":"premavals-lance-un-nouveau-contrat-retraite-article-83","status":"publish","type":"post","link":"https:\/\/entrecourtiers.pro\/communication\/premavals-lance-un-nouveau-contrat-retraite-article-83\/","title":{"rendered":"PREMAVALS lance un nouveau contrat retraite article 83"},"content":{"rendered":"<div class=\"wpb-content-wrapper\"><p>[vc_row][vc_column][vc_row_inner css=\u00a0\u00bb.vc_custom_1503732357632{background-color: #ffffff !important;}\u00a0\u00bb][vc_column_inner width=\u00a0\u00bb1\/4&Prime;][\/vc_column_inner][vc_column_inner width=\u00a0\u00bb1\/4&Prime;][\/vc_column_inner][vc_column_inner width=\u00a0\u00bb1\/4&Prime;][\/vc_column_inner][vc_column_inner width=\u00a0\u00bb1\/4&Prime;][vc_column_text]<\/p>\n<p style=\"text-align: right;\">le 6 mars 2017<\/p>\n<p>[\/vc_column_text][\/vc_column_inner][\/vc_row_inner][\/vc_column][\/vc_row][vc_row css=\u00a0\u00bb.vc_custom_1503732090110{background-color: #ffffff !important;}\u00a0\u00bb][vc_column][dfd_heading style=\u00a0\u00bbstyle_02&Prime; subtitle=\u00a0\u00bbPREMAVALS \u00a0\u00bb module_animation=\u00a0\u00bbtransition.slideLeftBigIn\u00a0\u00bb enable_delimiter=\u00a0\u00bb\u00a0\u00bb undefined=\u00a0\u00bb\u00a0\u00bb title_font_options=\u00a0\u00bbtag:h2|font_size:37|line_height:44|letter_spacing:-1.5&Prime; subtitle_font_options=\u00a0\u00bbtag:h6|font_size:12|color:%23545454&Prime; title_responsive=\u00a0\u00bbfont_size_desktop:34|line_height_desktop:40|font_size_tablet:30|line_height_tablet:36|font_size_mobile:24|line_height_mobile:30&Prime; subtitle_responsive=\u00a0\u00bbfont_size_tablet:11|font_size_mobile:10&Prime;]Renforce son offre collective\u00a0avec un <em class=\"dfd-textmodule-featured-decoration\">nouveau contrat de retraite compl\u00e9mentaire multi supports Article 83<\/em> : PREMARETRAITE 83.[\/dfd_heading][dfd_spacer][dfd_heading subtitle=\u00a0\u00bb\u00a0\u00bb module_animation=\u00a0\u00bbtransition.slideLeftBigIn\u00a0\u00bb enable_delimiter=\u00a0\u00bb\u00a0\u00bb title_custom_fonts=\u00a0\u00bbfont_family:Open%20Sans%3A300%2C300italic%2Cregular%2Citalic%2C600%2C600italic%2C700%2C700italic%2C800%2C800italic|font_style:400%20regular%3A400%3Anormal\u00a0\u00bb undefined=\u00a0\u00bb\u00a0\u00bb title_font_options=\u00a0\u00bbtag:h5|font_size:16|color:%234c4c4c|line_height:30|letter_spacing:0&Prime; title_google_fonts=\u00a0\u00bbyes\u00a0\u00bb subtitle_font_options=\u00a0\u00bbtag:div\u00a0\u00bb]Malgr\u00e9 une natalit\u00e9 dynamique, le vieillissement de la population et l\u2019allongement de la dur\u00e9e de vie m\u00e8nent \u00e0 un d\u00e9s\u00e9quilibre in\u00e9luctable du r\u00e9gime fran\u00e7ais de retraite par r\u00e9partition. Les dispositifs de contrats de retraite compl\u00e9mentaire seront donc une solution incontournable dans un avenir proche. Dans ce contexte, PREMAVALS lance PREMARETRAITE 83, contrat multi supports permettant aux chefs d\u2019entreprise de motiver et fid\u00e9liser leurs salari\u00e9s dans un cadre fiscal et social avantageux.[\/dfd_heading][dfd_spacer screen_wide_spacer_size=\u00a0\u00bb20&Prime; screen_normal_resolution=\u00a0\u00bb1280&Prime; screen_tablet_resolution=\u00a0\u00bb1024&Prime; screen_mobile_resolution=\u00a0\u00bb800&Prime; screen_wide_resolution=\u00a0\u00bb1280&Prime; screen_normal_spacer_size=\u00a0\u00bb15&Prime; screen_tablet_spacer_size=\u00a0\u00bb10&Prime; screen_mobile_spacer_size=\u00a0\u00bb10&Prime;][\/vc_column][\/vc_row][vc_row css=\u00a0\u00bb.vc_custom_1503732103628{background-color: #ffffff !important;}\u00a0\u00bb][vc_column][dfd_spacer][dfd_heading style=\u00a0\u00bbstyle_02&Prime; subtitle=\u00a0\u00bbPREMARETRAITE 83&Prime; content_alignment=\u00a0\u00bbtext-left\u00a0\u00bb module_animation=\u00a0\u00bbtransition.slideLeftBigIn\u00a0\u00bb delimiter_settings=\u00a0\u00bbdelimiter_style:solid|delimiter_width:80|delimiter_height:1&Prime; undefined=\u00a0\u00bb\u00a0\u00bb title_font_options=\u00a0\u00bbtag:h2|font_size:37|line_height:44|letter_spacing:-1.5&Prime; subtitle_font_options=\u00a0\u00bbtag:h6|font_size:12|color:%23545454&Prime; title_responsive=\u00a0\u00bbfont_size_desktop:34|line_height_desktop:40|font_size_tablet:30|line_height_tablet:36|font_size_mobile:24|line_height_mobile:30&Prime; subtitle_responsive=\u00a0\u00bbfont_size_tablet:11|font_size_mobile:10&Prime;]Un contrat <em class=\"dfd-textmodule-featured-decoration\">simple et modulaire<\/em> :[\/dfd_heading][dfd_spacer][vc_column_text]<strong>L\u2019entreprise<\/strong> peut assortir cette offre sur mesure de garanties optionnelles :[\/vc_column_text][dfd_icon_list list_fields=\u00a0\u00bb%5B%7B%22icon_type%22%3A%22selector%22%2C%22select_icon%22%3A%22dfd_icons%22%2C%22ic_dfd_icons%22%3A%22dfd-socicon-arrow-pointing-to-right%22%2C%22ic_fontawesome%22%3A%22fa%20fa-adjust%22%2C%22ic_openiconic%22%3A%22vc-oi%20vc-oi-dial%22%2C%22ic_typicons%22%3A%22typcn%20typcn-adjust-brightness%22%2C%22ic_entypo%22%3A%22entypo-icon%20entypo-icon-note%22%2C%22ic_linecons%22%3A%22vc_li%20vc_li-heart%22%2C%22text_content%22%3A%22Garantie%20s%C3%A9r%C3%A9nit%C3%A9%20%3A%20table%20de%20mortalit%C3%A9%20garantie%20au%20moment%20de%20l%E2%80%99affiliation%20de%20chaque%20salari%C3%A9.%22%7D%2C%7B%22icon_type%22%3A%22selector%22%2C%22select_icon%22%3A%22dfd_icons%22%2C%22ic_dfd_icons%22%3A%22dfd-socicon-arrow-pointing-to-right%22%2C%22ic_fontawesome%22%3A%22fa%20fa-adjust%22%2C%22ic_openiconic%22%3A%22vc-oi%20vc-oi-dial%22%2C%22ic_typicons%22%3A%22typcn%20typcn-adjust-brightness%22%2C%22ic_entypo%22%3A%22entypo-icon%20entypo-icon-note%22%2C%22ic_linecons%22%3A%22vc_li%20vc_li-heart%22%2C%22text_content%22%3A%22Garantie%20relais%20%3A%20exon%C3%A9ration%2C%20pour%20l%E2%80%99entreprise%2C%20du%20paiement%20des%20cotisations%20obligatoires%20en%20cas%20d%E2%80%99arr%C3%AAt%20de%20travail%20du%20salari%C3%A9.%22%7D%5D\u00a0\u00bb main_style=\u00a0\u00bbstyle-1&Prime; icon_color=\u00a0\u00bb#cbcbcb\u00a0\u00bb font_options=\u00a0\u00bbtag:div|font_size:14|color:%233a3a3a|letter_spacing:0&Prime; use_google_fonts=\u00a0\u00bbyes\u00a0\u00bb custom_fonts=\u00a0\u00bbfont_family:Open%20Sans%3A300%2C300italic%2Cregular%2Citalic%2C600%2C600italic%2C700%2C700italic%2C800%2C800italic|font_style:400%20regular%3A400%3Anormal\u00a0\u00bb icon_margin=\u00a0\u00bb-10&Prime;][dfd_spacer][vc_column_text]<strong>Les salari\u00e9s<\/strong> ont la capacit\u00e9 d\u2019alimenter leur compte \u00e9pargne retraite par des <strong>Versements Individuels Facultatifs<\/strong> \u00e0 partir de 45 \u20ac\/mois. Ils peuvent \u00e9galement renforcer leur rente lors de la liquidation de leurs droits par :[\/vc_column_text][dfd_icon_list list_fields=\u00a0\u00bb%5B%7B%22icon_type%22%3A%22selector%22%2C%22select_icon%22%3A%22dfd_icons%22%2C%22ic_dfd_icons%22%3A%22dfd-socicon-arrow-pointing-to-right%22%2C%22ic_fontawesome%22%3A%22fa%20fa-adjust%22%2C%22ic_openiconic%22%3A%22vc-oi%20vc-oi-dial%22%2C%22ic_typicons%22%3A%22typcn%20typcn-adjust-brightness%22%2C%22ic_entypo%22%3A%22entypo-icon%20entypo-icon-note%22%2C%22ic_linecons%22%3A%22vc_li%20vc_li-heart%22%2C%22text_content%22%3A%22Une%20Rente%20D%C3%A9pendance%2C%22%7D%2C%7B%22icon_type%22%3A%22selector%22%2C%22select_icon%22%3A%22dfd_icons%22%2C%22ic_dfd_icons%22%3A%22dfd-socicon-arrow-pointing-to-right%22%2C%22ic_fontawesome%22%3A%22fa%20fa-adjust%22%2C%22ic_openiconic%22%3A%22vc-oi%20vc-oi-dial%22%2C%22ic_typicons%22%3A%22typcn%20typcn-adjust-brightness%22%2C%22ic_entypo%22%3A%22entypo-icon%20entypo-icon-note%22%2C%22ic_linecons%22%3A%22vc_li%20vc_li-heart%22%2C%22text_content%22%3A%22Une%20rente%20Capital%20associ%C3%A9e%20%C3%A0%20la%20rente%20%C2%AB%E2%80%89Annuit%C3%A9s%20garanties%E2%80%89%C2%BB%20permettant%20aux%20b%C3%A9n%C3%A9ficiaires%20du%20salari%C3%A9%20de%20recevoir%20un%20compl%C3%A9ment%20de%20capital%20en%20plus%20du%20r%C3%A8glement%20complet%20des%20annuit%C3%A9s%20restant%20dues.%22%7D%5D\u00a0\u00bb main_style=\u00a0\u00bbstyle-1&Prime; icon_color=\u00a0\u00bb#cbcbcb\u00a0\u00bb font_options=\u00a0\u00bbtag:div|font_size:14|color:%233a3a3a|letter_spacing:0&Prime; use_google_fonts=\u00a0\u00bbyes\u00a0\u00bb custom_fonts=\u00a0\u00bbfont_family:Open%20Sans%3A300%2C300italic%2Cregular%2Citalic%2C600%2C600italic%2C700%2C700italic%2C800%2C800italic|font_style:400%20regular%3A400%3Anormal\u00a0\u00bb icon_margin=\u00a0\u00bb-10&Prime;][dfd_spacer screen_wide_spacer_size=\u00a0\u00bb20&Prime; screen_normal_resolution=\u00a0\u00bb1280&Prime; screen_tablet_resolution=\u00a0\u00bb1024&Prime; screen_mobile_resolution=\u00a0\u00bb800&Prime; screen_wide_resolution=\u00a0\u00bb1280&Prime; screen_normal_spacer_size=\u00a0\u00bb15&Prime; screen_tablet_spacer_size=\u00a0\u00bb10&Prime; screen_mobile_spacer_size=\u00a0\u00bb10&Prime;][\/vc_column][\/vc_row][vc_row css=\u00a0\u00bb.vc_custom_1503732141535{background-color: #ffffff !important;}\u00a0\u00bb][vc_column][dfd_spacer][dfd_heading style=\u00a0\u00bbstyle_02&Prime; subtitle=\u00a0\u00bb\u00a0\u00bb content_alignment=\u00a0\u00bbtext-left\u00a0\u00bb module_animation=\u00a0\u00bbtransition.slideLeftBigIn\u00a0\u00bb delimiter_settings=\u00a0\u00bbdelimiter_style:solid|delimiter_width:80|delimiter_height:1&Prime; undefined=\u00a0\u00bb\u00a0\u00bb title_font_options=\u00a0\u00bbtag:h2|font_size:37|line_height:44|letter_spacing:-1.5&Prime; subtitle_font_options=\u00a0\u00bbtag:h6|font_size:12|color:%23545454&Prime; title_responsive=\u00a0\u00bbfont_size_desktop:34|line_height_desktop:40|font_size_tablet:30|line_height_tablet:36|font_size_mobile:24|line_height_mobile:30&Prime; subtitle_responsive=\u00a0\u00bbfont_size_tablet:11|font_size_mobile:10&Prime;]De <em class=\"dfd-textmodule-featured-decoration\">nombreux<\/em> supports[\/dfd_heading][dfd_spacer][vc_column_text]PREMARETRAITE 83 propose 40 supports financiers, dont 39 en UC, incluant le support <em>LFP Multimmo Part Philosophale <a id=\"footnote-1-ref\" title=\"\" href=\"https:\/\/entrecourtiers.pro\/communication\/premavals-lance-un-nouveau-contrat-retraite-article-83\/\"><sup>1<\/sup><\/a>\u00a0<\/em>donnant aux \u00e9pargnants la possibilit\u00e9 d\u2019investir dans la pierre afin d\u2019optimiser le rendement de leur \u00e9pargne avec un horizon de placement \u00e0 long terme.<br \/>\n<em>LFP Multimmo Part Philosophale<\/em> pratique une politique d\u2019investissement souple dont plus de 90 % des actifs sont allou\u00e9s aux SCPI et OPCI.[\/vc_column_text][dfd_spacer][vc_column_text]<strong>Trois modes de gestion adapt\u00e9s au profil de risque du salari\u00e9 :<\/strong>[\/vc_column_text][dfd_icon_list list_fields=\u00a0\u00bb%5B%7B%22icon_type%22%3A%22selector%22%2C%22select_icon%22%3A%22dfd_icons%22%2C%22ic_dfd_icons%22%3A%22dfd-socicon-arrow-pointing-to-right%22%2C%22ic_fontawesome%22%3A%22fa%20fa-adjust%22%2C%22ic_openiconic%22%3A%22vc-oi%20vc-oi-dial%22%2C%22ic_typicons%22%3A%22typcn%20typcn-adjust-brightness%22%2C%22ic_entypo%22%3A%22entypo-icon%20entypo-icon-note%22%2C%22ic_linecons%22%3A%22vc_li%20vc_li-heart%22%2C%22text_content%22%3A%22Une%20gestion%20garantie%20%3A%20les%20cotisations%20et%20les%20Versements%20Individuels%20Facultatifs%20sont%20int%C3%A9gralement%20investis%20sur%20le%20support%20en%20euros%20du%20contrat%3Ca%20id%3D%5C%22footnote-2-ref%5C%22%20href%3D%5C%22%23footnote-2%5C%22%20title%3D%5C%22%5C%22%3E%3Csup%3E2%3C%2Fsup%3E%3C%2Fa%3E%20avec%20une%20participation%20aux%20b%C3%A9n%C3%A9fices%20attribu%C3%A9e%20au%2031%20d%C3%A9cembre%20de%20chaque%20ann%C3%A9e.%22%7D%2C%7B%22icon_type%22%3A%22selector%22%2C%22select_icon%22%3A%22dfd_icons%22%2C%22ic_dfd_icons%22%3A%22dfd-socicon-arrow-pointing-to-right%22%2C%22ic_fontawesome%22%3A%22fa%20fa-adjust%22%2C%22ic_openiconic%22%3A%22vc-oi%20vc-oi-dial%22%2C%22ic_typicons%22%3A%22typcn%20typcn-adjust-brightness%22%2C%22ic_entypo%22%3A%22entypo-icon%20entypo-icon-note%22%2C%22ic_linecons%22%3A%22vc_li%20vc_li-heart%22%2C%22text_content%22%3A%22Une%20gestion%20%C3%A9volutive%20%3A%20calcul%C3%A9e%20en%20fonction%20de%20la%20dur%C3%A9e%20restant%20%C3%A0%20courir%20avant%20le%20d%C3%A9part%20en%20retraite%20pr%C3%A9visionnel%20d%C3%A9termin%C3%A9%20par%20le%20salari%C3%A9%2C%20l%E2%80%99%C3%A9pargne%20est%20plac%C3%A9e%20sur%205%20supports%20afin%20d%E2%80%99optimiser%20le%20couple%20rendement%2Frisque%20puis%20est%20progressivement%20transf%C3%A9r%C3%A9e%20vers%20le%20support%20le%20plus%20s%C3%A9curitaire.%20Ce%20mode%20de%20gestion%20inclut%20une%20garantie%20plancher%20sans%20surco%C3%BBts%20en%20cas%20de%20d%C3%A9c%C3%A8s%20de%20l%E2%80%99assur%C3%A9.%22%7D%2C%7B%22icon_type%22%3A%22selector%22%2C%22select_icon%22%3A%22dfd_icons%22%2C%22ic_dfd_icons%22%3A%22dfd-socicon-arrow-pointing-to-right%22%2C%22ic_fontawesome%22%3A%22fa%20fa-adjust%22%2C%22ic_openiconic%22%3A%22vc-oi%20vc-oi-dial%22%2C%22ic_typicons%22%3A%22typcn%20typcn-adjust-brightness%22%2C%22ic_entypo%22%3A%22entypo-icon%20entypo-icon-note%22%2C%22ic_linecons%22%3A%22vc_li%20vc_li-heart%22%2C%22text_content%22%3A%22Une%20gestion%20libre%20%3A%20les%20salari%C3%A9s%20avertis%20peuvent%20placer%20librement%20leur%20%C3%A9pargne%20sur%20les%2040%20supports%20propos%C3%A9s.%22%7D%5D\u00a0\u00bb main_style=\u00a0\u00bbstyle-1&Prime; icon_color=\u00a0\u00bb#cbcbcb\u00a0\u00bb font_options=\u00a0\u00bbtag:div|font_size:14|color:%233a3a3a|letter_spacing:0&Prime; use_google_fonts=\u00a0\u00bbyes\u00a0\u00bb custom_fonts=\u00a0\u00bbfont_family:Open%20Sans%3A300%2C300italic%2Cregular%2Citalic%2C600%2C600italic%2C700%2C700italic%2C800%2C800italic|font_style:400%20regular%3A400%3Anormal\u00a0\u00bb icon_margin=\u00a0\u00bb-10&Prime;][dfd_spacer screen_wide_spacer_size=\u00a0\u00bb20&Prime; screen_normal_resolution=\u00a0\u00bb1280&Prime; screen_tablet_resolution=\u00a0\u00bb1024&Prime; screen_mobile_resolution=\u00a0\u00bb800&Prime; screen_wide_resolution=\u00a0\u00bb1280&Prime; screen_normal_spacer_size=\u00a0\u00bb15&Prime; screen_tablet_spacer_size=\u00a0\u00bb10&Prime; screen_mobile_spacer_size=\u00a0\u00bb10&Prime;][\/vc_column][\/vc_row][vc_row css=\u00a0\u00bb.vc_custom_1503732164406{background-color: #ffffff !important;}\u00a0\u00bb][vc_column][dfd_spacer][dfd_heading style=\u00a0\u00bbstyle_02&Prime; subtitle=\u00a0\u00bb\u00a0\u00bb content_alignment=\u00a0\u00bbtext-left\u00a0\u00bb module_animation=\u00a0\u00bbtransition.slideLeftBigIn\u00a0\u00bb delimiter_settings=\u00a0\u00bbdelimiter_style:solid|delimiter_width:80|delimiter_height:1&Prime; undefined=\u00a0\u00bb\u00a0\u00bb title_font_options=\u00a0\u00bbtag:h2|font_size:37|line_height:44|letter_spacing:-1.5&Prime; subtitle_font_options=\u00a0\u00bbtag:h6|font_size:12|color:%23545454&Prime; title_responsive=\u00a0\u00bbfont_size_desktop:34|line_height_desktop:40|font_size_tablet:30|line_height_tablet:36|font_size_mobile:24|line_height_mobile:30&Prime; subtitle_responsive=\u00a0\u00bbfont_size_tablet:11|font_size_mobile:10&Prime;]<em class=\"dfd-textmodule-featured-decoration\">Plusieurs sorties en rente <\/em>laiss\u00e9es au choix du salari\u00e9[\/dfd_heading][dfd_spacer][vc_column_text]\u00c0 la liquidation de ses droits, le salari\u00e9 peut opter pour l\u2019une des rentes propos\u00e9es par le contrat :[\/vc_column_text][dfd_icon_list list_fields=\u00a0\u00bb%5B%7B%22icon_type%22%3A%22selector%22%2C%22select_icon%22%3A%22dfd_icons%22%2C%22ic_dfd_icons%22%3A%22dfd-socicon-arrow-pointing-to-right%22%2C%22ic_fontawesome%22%3A%22fa%20fa-adjust%22%2C%22ic_openiconic%22%3A%22vc-oi%20vc-oi-dial%22%2C%22ic_typicons%22%3A%22typcn%20typcn-adjust-brightness%22%2C%22ic_entypo%22%3A%22entypo-icon%20entypo-icon-note%22%2C%22ic_linecons%22%3A%22vc_li%20vc_li-heart%22%2C%22text_content%22%3A%22R%C3%A9version%20%3A%20au%20profit%20du%20conjoint%20de%2050%20%25%20%C3%A0%20100%20%25%20par%20pas%20de%2010%20%25%2C%20de%20150%20%25%20ou%20encore%20de%20200%20%25%2C%22%7D%2C%7B%22icon_type%22%3A%22selector%22%2C%22select_icon%22%3A%22dfd_icons%22%2C%22ic_dfd_icons%22%3A%22dfd-socicon-arrow-pointing-to-right%22%2C%22ic_fontawesome%22%3A%22fa%20fa-adjust%22%2C%22ic_openiconic%22%3A%22vc-oi%20vc-oi-dial%22%2C%22ic_typicons%22%3A%22typcn%20typcn-adjust-brightness%22%2C%22ic_entypo%22%3A%22entypo-icon%20entypo-icon-note%22%2C%22ic_linecons%22%3A%22vc_li%20vc_li-heart%22%2C%22text_content%22%3A%22Annuit%C3%A9s%20garanties%20%3A%20en%20cas%20de%20d%C3%A9c%C3%A8s%20du%20salari%C3%A9%20au%20profit%20des%20b%C3%A9n%C3%A9ficiaires%20de%20son%20choix%20jusqu%E2%80%99%C3%A0%20la%20fin%20de%20la%20p%C3%A9riode%20qu%E2%80%99il%20aura%20choisi%20(5%2C%2010%20et%2015%20ans%20dans%20la%20limite%20r%C3%A8glementaire%20applicable.%20La%20dur%C3%A9e%20choisie%20ne%20peut%20exc%C3%A9der%20l%E2%80%99esp%C3%A9rance%20de%20vie%20de%20l%E2%80%99Assur%C3%A9%20%C3%A0%20l%E2%80%99%C3%A2ge%20auquel%20il%20liquide%20ses%20droits%20viagers%2C%20diminu%C3%A9e%20de%205%20ans.)%20En%20cas%20de%20vie%2C%20apr%C3%A8s%20la%20p%C3%A9riode%20de%20versement%20des%20annuit%C3%A9s%20garanties%2C%20le%20salari%C3%A9%20continue%20%C3%A0%20percevoir%20sa%20rente%20viag%C3%A8re%2C%22%7D%2C%7B%22icon_type%22%3A%22selector%22%2C%22select_icon%22%3A%22dfd_icons%22%2C%22ic_dfd_icons%22%3A%22dfd-socicon-arrow-pointing-to-right%22%2C%22ic_fontawesome%22%3A%22fa%20fa-adjust%22%2C%22ic_openiconic%22%3A%22vc-oi%20vc-oi-dial%22%2C%22ic_typicons%22%3A%22typcn%20typcn-adjust-brightness%22%2C%22ic_entypo%22%3A%22entypo-icon%20entypo-icon-note%22%2C%22ic_linecons%22%3A%22vc_li%20vc_li-heart%22%2C%22text_content%22%3A%22Rente%20croissante%20%3A%20taux%20de%20croissance%20au%20choix%20de%200%2C5%20%25%20ou%201%20%25%2C%22%7D%2C%7B%22icon_type%22%3A%22selector%22%2C%22select_icon%22%3A%22dfd_icons%22%2C%22ic_dfd_icons%22%3A%22dfd-socicon-arrow-pointing-to-right%22%2C%22ic_fontawesome%22%3A%22fa%20fa-adjust%22%2C%22ic_openiconic%22%3A%22vc-oi%20vc-oi-dial%22%2C%22ic_typicons%22%3A%22typcn%20typcn-adjust-brightness%22%2C%22ic_entypo%22%3A%22entypo-icon%20entypo-icon-note%22%2C%22ic_linecons%22%3A%22vc_li%20vc_li-heart%22%2C%22text_content%22%3A%22Rente%20par%20palier%20%3A%205%20ou%2010%20ans.%22%7D%5D\u00a0\u00bb main_style=\u00a0\u00bbstyle-1&Prime; icon_color=\u00a0\u00bb#cbcbcb\u00a0\u00bb font_options=\u00a0\u00bbtag:div|font_size:14|color:%233a3a3a|letter_spacing:0&Prime; use_google_fonts=\u00a0\u00bbyes\u00a0\u00bb custom_fonts=\u00a0\u00bbfont_family:Open%20Sans%3A300%2C300italic%2Cregular%2Citalic%2C600%2C600italic%2C700%2C700italic%2C800%2C800italic|font_style:400%20regular%3A400%3Anormal\u00a0\u00bb icon_margin=\u00a0\u00bb-10&Prime;][dfd_spacer][vc_column_text]<strong>En option :<\/strong>[\/vc_column_text][dfd_icon_list list_fields=\u00a0\u00bb%5B%7B%22icon_type%22%3A%22selector%22%2C%22select_icon%22%3A%22dfd_icons%22%2C%22ic_dfd_icons%22%3A%22dfd-socicon-arrow-pointing-to-right%22%2C%22ic_fontawesome%22%3A%22fa%20fa-adjust%22%2C%22ic_openiconic%22%3A%22vc-oi%20vc-oi-dial%22%2C%22ic_typicons%22%3A%22typcn%20typcn-adjust-brightness%22%2C%22ic_entypo%22%3A%22entypo-icon%20entypo-icon-note%22%2C%22ic_linecons%22%3A%22vc_li%20vc_li-heart%22%2C%22text_content%22%3A%22Rente%20d%C3%A9pendance%2C%22%7D%2C%7B%22icon_type%22%3A%22selector%22%2C%22select_icon%22%3A%22dfd_icons%22%2C%22ic_dfd_icons%22%3A%22dfd-socicon-arrow-pointing-to-right%22%2C%22ic_fontawesome%22%3A%22fa%20fa-adjust%22%2C%22ic_openiconic%22%3A%22vc-oi%20vc-oi-dial%22%2C%22ic_typicons%22%3A%22typcn%20typcn-adjust-brightness%22%2C%22ic_entypo%22%3A%22entypo-icon%20entypo-icon-note%22%2C%22ic_linecons%22%3A%22vc_li%20vc_li-heart%22%2C%22text_content%22%3A%22Rente%20Capital%20associ%C3%A9e%20aux%20annuit%C3%A9s%20garanties.%22%7D%5D\u00a0\u00bb main_style=\u00a0\u00bbstyle-1&Prime; icon_color=\u00a0\u00bb#cbcbcb\u00a0\u00bb font_options=\u00a0\u00bbtag:div|font_size:14|color:%233a3a3a|letter_spacing:0&Prime; use_google_fonts=\u00a0\u00bbyes\u00a0\u00bb custom_fonts=\u00a0\u00bbfont_family:Open%20Sans%3A300%2C300italic%2Cregular%2Citalic%2C600%2C600italic%2C700%2C700italic%2C800%2C800italic|font_style:400%20regular%3A400%3Anormal\u00a0\u00bb icon_margin=\u00a0\u00bb-10&Prime;][dfd_spacer screen_wide_spacer_size=\u00a0\u00bb20&Prime; screen_normal_resolution=\u00a0\u00bb1280&Prime; screen_tablet_resolution=\u00a0\u00bb1024&Prime; screen_mobile_resolution=\u00a0\u00bb800&Prime; screen_wide_resolution=\u00a0\u00bb1280&Prime; screen_normal_spacer_size=\u00a0\u00bb15&Prime; screen_tablet_spacer_size=\u00a0\u00bb10&Prime; screen_mobile_spacer_size=\u00a0\u00bb10&Prime;][\/vc_column][\/vc_row][vc_row css=\u00a0\u00bb.vc_custom_1503732199025{background-color: #ffffff !important;}\u00a0\u00bb][vc_column][dfd_spacer][dfd_heading style=\u00a0\u00bbstyle_02&Prime; subtitle=\u00a0\u00bbUne gestion de contrat simplifi\u00e9e\u00a0\u00bb content_alignment=\u00a0\u00bbtext-left\u00a0\u00bb module_animation=\u00a0\u00bbtransition.slideLeftBigIn\u00a0\u00bb delimiter_settings=\u00a0\u00bbdelimiter_style:solid|delimiter_width:80|delimiter_height:1&Prime; undefined=\u00a0\u00bb\u00a0\u00bb title_font_options=\u00a0\u00bbtag:h2|font_size:37|line_height:44|letter_spacing:-1.5&Prime; subtitle_font_options=\u00a0\u00bbtag:h6|font_size:12|color:%23545454&Prime; title_responsive=\u00a0\u00bbfont_size_desktop:34|line_height_desktop:40|font_size_tablet:30|line_height_tablet:36|font_size_mobile:24|line_height_mobile:30&Prime; subtitle_responsive=\u00a0\u00bbfont_size_tablet:11|font_size_mobile:10&Prime;]Gr\u00e2ce aux\u00a0<em class=\"dfd-textmodule-featured-decoration\">outils de gestion en ligne<\/em>[\/dfd_heading][dfd_spacer][vc_column_text]Afin de faciliter l\u2019adh\u00e9sion et la gestion du contrat, les partenaires de PREMAVALS et leurs clients b\u00e9n\u00e9ficient d\u2019un accompagnement en ligne sur trois espaces d\u00e9di\u00e9s s\u00e9curis\u00e9s :[\/vc_column_text][dfd_icon_list list_fields=\u00a0\u00bb%5B%7B%22icon_type%22%3A%22selector%22%2C%22select_icon%22%3A%22dfd_icons%22%2C%22ic_dfd_icons%22%3A%22dfd-socicon-arrow-pointing-to-right%22%2C%22ic_fontawesome%22%3A%22fa%20fa-adjust%22%2C%22ic_openiconic%22%3A%22vc-oi%20vc-oi-dial%22%2C%22ic_typicons%22%3A%22typcn%20typcn-adjust-brightness%22%2C%22ic_entypo%22%3A%22entypo-icon%20entypo-icon-note%22%2C%22ic_linecons%22%3A%22vc_li%20vc_li-heart%22%2C%22text_content%22%3A%22Un%20nouveau%20tarificateur%20sur%20lequel%20les%20%C3%A9tapes%20du%20projet%20%C3%A0%20l%E2%80%99adh%C3%A9sion%20ont%20%C3%A9t%C3%A9%20simplifi%C3%A9es.%22%7D%2C%7B%22icon_type%22%3A%22selector%22%2C%22select_icon%22%3A%22dfd_icons%22%2C%22ic_dfd_icons%22%3A%22dfd-socicon-arrow-pointing-to-right%22%2C%22ic_fontawesome%22%3A%22fa%20fa-adjust%22%2C%22ic_openiconic%22%3A%22vc-oi%20vc-oi-dial%22%2C%22ic_typicons%22%3A%22typcn%20typcn-adjust-brightness%22%2C%22ic_entypo%22%3A%22entypo-icon%20entypo-icon-note%22%2C%22ic_linecons%22%3A%22vc_li%20vc_li-heart%22%2C%22text_content%22%3A%22Un%20espace%20d%C3%A9di%C3%A9%20aux%20entreprises%20pour%20faciliter%20le%20pilotage%20de%20leur%20contrat%20%3A%20gestion%20du%20personnel%2C%20consultation%20de%20l%E2%80%99%C3%A9pargne%20acquise%20d%C3%A9claration%20des%20salaires%2C%20calcul%20des%20cotisations%20ou%20paiement%20des%20cotisations.%22%7D%2C%7B%22icon_type%22%3A%22selector%22%2C%22select_icon%22%3A%22dfd_icons%22%2C%22ic_dfd_icons%22%3A%22dfd-socicon-arrow-pointing-to-right%22%2C%22ic_fontawesome%22%3A%22fa%20fa-adjust%22%2C%22ic_openiconic%22%3A%22vc-oi%20vc-oi-dial%22%2C%22ic_typicons%22%3A%22typcn%20typcn-adjust-brightness%22%2C%22ic_entypo%22%3A%22entypo-icon%20entypo-icon-note%22%2C%22ic_linecons%22%3A%22vc_li%20vc_li-heart%22%2C%22text_content%22%3A%22Un%20espace%20personnel%20r%C3%A9serv%C3%A9%20aux%20salari%C3%A9s%20pour%20y%20consulter%20et%20alimenter%20leur%20compte%20retraite%2C%20modifier%20le%20montant%20et%20la%20p%C3%A9riodicit%C3%A9%20de%20leur%20plan%20de%20versement%20ou%20mettre%20%C3%A0%20jour%20leurs%20coordonn%C3%A9es%20personnelles.%22%7D%5D\u00a0\u00bb main_style=\u00a0\u00bbstyle-1&Prime; icon_color=\u00a0\u00bb#cbcbcb\u00a0\u00bb font_options=\u00a0\u00bbtag:div|font_size:14|color:%233a3a3a|letter_spacing:0&Prime; use_google_fonts=\u00a0\u00bbyes\u00a0\u00bb custom_fonts=\u00a0\u00bbfont_family:Open%20Sans%3A300%2C300italic%2Cregular%2Citalic%2C600%2C600italic%2C700%2C700italic%2C800%2C800italic|font_style:400%20regular%3A400%3Anormal\u00a0\u00bb icon_margin=\u00a0\u00bb-10&Prime;][dfd_spacer screen_wide_spacer_size=\u00a0\u00bb20&Prime; screen_normal_resolution=\u00a0\u00bb1280&Prime; screen_tablet_resolution=\u00a0\u00bb1024&Prime; screen_mobile_resolution=\u00a0\u00bb800&Prime; screen_wide_resolution=\u00a0\u00bb1280&Prime; screen_normal_spacer_size=\u00a0\u00bb15&Prime; screen_tablet_spacer_size=\u00a0\u00bb10&Prime; screen_mobile_spacer_size=\u00a0\u00bb10&Prime;][\/vc_column][\/vc_row][vc_row css=\u00a0\u00bb.vc_custom_1503732214007{background-color: #ffffff !important;}\u00a0\u00bb][vc_column][dfd_spacer][dfd_heading style=\u00a0\u00bbstyle_02&Prime; subtitle=\u00a0\u00bb\u00a0\u00bb content_alignment=\u00a0\u00bbtext-left\u00a0\u00bb module_animation=\u00a0\u00bbtransition.slideLeftBigIn\u00a0\u00bb delimiter_settings=\u00a0\u00bbdelimiter_style:solid|delimiter_width:80|delimiter_height:1&Prime; undefined=\u00a0\u00bb\u00a0\u00bb title_font_options=\u00a0\u00bbtag:h2|font_size:37|line_height:44|letter_spacing:-1.5&Prime; subtitle_font_options=\u00a0\u00bbtag:h6|font_size:12|color:%23545454&Prime; title_responsive=\u00a0\u00bbfont_size_desktop:34|line_height_desktop:40|font_size_tablet:30|line_height_tablet:36|font_size_mobile:24|line_height_mobile:30&Prime; subtitle_responsive=\u00a0\u00bbfont_size_tablet:11|font_size_mobile:10&Prime;]<em class=\"dfd-textmodule-featured-decoration\">Commercialisation<\/em>[\/dfd_heading][dfd_spacer][vc_column_text]<\/p>\n<div class=\"wpb_text_column wpb_content_element \">\n<div class=\"wpb_wrapper\">\n<p>La commercialisation de ces offres est r\u00e9serv\u00e9e aux partenaires de PREMAVALS.<\/p>\n<\/div>\n<\/div>\n<p>[\/vc_column_text][dfd_spacer screen_wide_spacer_size=\u00a0\u00bb20&Prime; screen_normal_resolution=\u00a0\u00bb1280&Prime; screen_tablet_resolution=\u00a0\u00bb1024&Prime; screen_mobile_resolution=\u00a0\u00bb800&Prime; screen_wide_resolution=\u00a0\u00bb1280&Prime; screen_normal_spacer_size=\u00a0\u00bb15&Prime; screen_tablet_spacer_size=\u00a0\u00bb10&Prime; screen_mobile_spacer_size=\u00a0\u00bb10&Prime;][\/vc_column][\/vc_row][vc_row css=\u00a0\u00bb.vc_custom_1503732304487{background-color: #ffffff !important;}\u00a0\u00bb][vc_column][vc_column_text]<strong>Notes :<\/strong><\/p>\n<ol class=\"cit-list\">\n<li><span id=\"footnote-1\">Pour l\u2019ann\u00e9e 2016 : performances nettes : 3,27 % &#8211; valeur liquidative : 256,27 \u20ac &#8211; performances nettes sur une ann\u00e9e glissante : 3,37 % &#8211; actif net du fonds : 302,96 M\u20ac &#8211; actif net de la part : 125,77 M\u20ac.<\/span><a title=\"Retour au texte\" href=\"#footnote-1-ref\">&#x21a9;<\/a><span class=\"cit-metadata\"><cite><br \/>\n<\/cite><\/span><\/li>\n<li><span id=\"footnote-2\">Performance brute : 3,60 % en 2016.<\/span><a title=\"Retour au texte\" href=\"#footnote-2-ref\">&#x21a9;<\/a><span class=\"cit-metadata\"><cite><br \/>\n<\/cite><\/span><\/li>\n<\/ol>\n<p>[\/vc_column_text][\/vc_column][\/vc_row]<\/p>\n<\/div>","protected":false},"excerpt":{"rendered":"<p>PER multi supports permettant aux chefs d\u2019entreprise de motiver et fid\u00e9liser leurs salari\u00e9s.<\/p>\n","protected":false},"author":1,"featured_media":24665,"comment_status":"closed","ping_status":"closed","sticky":false,"template":"","format":"standard","meta":{"footnotes":""},"categories":[330],"tags":[323],"acf":[],"yoast_head":"<!-- This site is optimized with the Yoast SEO plugin v21.6 - https:\/\/yoast.com\/wordpress\/plugins\/seo\/ -->\n<title>PREMAVALS lance un nouveau contrat retraite article 83 - PREMAVALS<\/title>\n<meta name=\"robots\" content=\"noindex, follow\" \/>\n<meta property=\"og:locale\" content=\"fr_FR\" \/>\n<meta property=\"og:type\" content=\"article\" \/>\n<meta property=\"og:title\" content=\"PREMAVALS lance un nouveau contrat retraite article 83 - PREMAVALS\" \/>\n<meta property=\"og:description\" content=\"PER multi supports permettant aux chefs d\u2019entreprise de motiver et fid\u00e9liser leurs salari\u00e9s.\" \/>\n<meta property=\"og:url\" content=\"https:\/\/entrecourtiers.pro\/communication\/premavals-lance-un-nouveau-contrat-retraite-article-83\/\" \/>\n<meta property=\"og:site_name\" content=\"PREMAVALS\" \/>\n<meta property=\"article:published_time\" content=\"2017-03-06T08:57:34+00:00\" \/>\n<meta property=\"article:modified_time\" content=\"2019-01-18T10:20:26+00:00\" \/>\n<meta property=\"og:image\" content=\"https:\/\/entrecourtiers.pro\/communication\/wp-content\/uploads\/2017\/03\/vignette_news_premaretraite.jpg\" \/>\n\t<meta property=\"og:image:width\" content=\"1280\" \/>\n\t<meta property=\"og:image:height\" content=\"853\" \/>\n\t<meta property=\"og:image:type\" content=\"image\/jpeg\" \/>\n<meta name=\"author\" content=\"Admin_Com\" \/>\n<meta name=\"twitter:card\" content=\"summary_large_image\" \/>\n<meta name=\"twitter:label1\" content=\"\u00c9crit par\" \/>\n\t<meta name=\"twitter:data1\" content=\"Admin_Com\" \/>\n\t<meta name=\"twitter:label2\" content=\"Dur\u00e9e de lecture estim\u00e9e\" \/>\n\t<meta name=\"twitter:data2\" content=\"16 minutes\" \/>\n<script type=\"application\/ld+json\" class=\"yoast-schema-graph\">{\"@context\":\"https:\/\/schema.org\",\"@graph\":[{\"@type\":\"Article\",\"@id\":\"https:\/\/entrecourtiers.pro\/communication\/premavals-lance-un-nouveau-contrat-retraite-article-83\/#article\",\"isPartOf\":{\"@id\":\"https:\/\/entrecourtiers.pro\/communication\/premavals-lance-un-nouveau-contrat-retraite-article-83\/\"},\"author\":{\"name\":\"Admin_Com\",\"@id\":\"https:\/\/entrecourtiers.pro\/communication\/#\/schema\/person\/a44fac501b208c9b6176cb1367145496\"},\"headline\":\"PREMAVALS lance un nouveau contrat retraite article 83\",\"datePublished\":\"2017-03-06T08:57:34+00:00\",\"dateModified\":\"2019-01-18T10:20:26+00:00\",\"mainEntityOfPage\":{\"@id\":\"https:\/\/entrecourtiers.pro\/communication\/premavals-lance-un-nouveau-contrat-retraite-article-83\/\"},\"wordCount\":3143,\"publisher\":{\"@id\":\"https:\/\/entrecourtiers.pro\/communication\/#organization\"},\"keywords\":[\"Epargne-retraite entreprise\"],\"articleSection\":[\"Communiqu\u00e9\"],\"inLanguage\":\"fr-FR\"},{\"@type\":\"WebPage\",\"@id\":\"https:\/\/entrecourtiers.pro\/communication\/premavals-lance-un-nouveau-contrat-retraite-article-83\/\",\"url\":\"https:\/\/entrecourtiers.pro\/communication\/premavals-lance-un-nouveau-contrat-retraite-article-83\/\",\"name\":\"PREMAVALS lance un nouveau contrat retraite article 83 - PREMAVALS\",\"isPartOf\":{\"@id\":\"https:\/\/entrecourtiers.pro\/communication\/#website\"},\"datePublished\":\"2017-03-06T08:57:34+00:00\",\"dateModified\":\"2019-01-18T10:20:26+00:00\",\"breadcrumb\":{\"@id\":\"https:\/\/entrecourtiers.pro\/communication\/premavals-lance-un-nouveau-contrat-retraite-article-83\/#breadcrumb\"},\"inLanguage\":\"fr-FR\",\"potentialAction\":[{\"@type\":\"ReadAction\",\"target\":[\"https:\/\/entrecourtiers.pro\/communication\/premavals-lance-un-nouveau-contrat-retraite-article-83\/\"]}]},{\"@type\":\"BreadcrumbList\",\"@id\":\"https:\/\/entrecourtiers.pro\/communication\/premavals-lance-un-nouveau-contrat-retraite-article-83\/#breadcrumb\",\"itemListElement\":[{\"@type\":\"ListItem\",\"position\":1,\"name\":\"Accueil\",\"item\":\"https:\/\/entrecourtiers.pro\/communication\/\"},{\"@type\":\"ListItem\",\"position\":2,\"name\":\"Communiqu\u00e9\",\"item\":\"https:\/\/entrecourtiers.pro\/communication\/cat\/communique-de-presse\/\"},{\"@type\":\"ListItem\",\"position\":3,\"name\":\"PREMAVALS lance un nouveau contrat retraite article 83\"}]},{\"@type\":\"WebSite\",\"@id\":\"https:\/\/entrecourtiers.pro\/communication\/#website\",\"url\":\"https:\/\/entrecourtiers.pro\/communication\/\",\"name\":\"PREMAVALS\",\"description\":\"Entre Courtiers\",\"publisher\":{\"@id\":\"https:\/\/entrecourtiers.pro\/communication\/#organization\"},\"potentialAction\":[{\"@type\":\"SearchAction\",\"target\":{\"@type\":\"EntryPoint\",\"urlTemplate\":\"https:\/\/entrecourtiers.pro\/communication\/?s={search_term_string}\"},\"query-input\":\"required name=search_term_string\"}],\"inLanguage\":\"fr-FR\"},{\"@type\":\"Organization\",\"@id\":\"https:\/\/entrecourtiers.pro\/communication\/#organization\",\"name\":\"PREMAVALS\",\"url\":\"https:\/\/entrecourtiers.pro\/communication\/\",\"logo\":{\"@type\":\"ImageObject\",\"inLanguage\":\"fr-FR\",\"@id\":\"https:\/\/entrecourtiers.pro\/communication\/#\/schema\/logo\/image\/\",\"url\":\"http:\/\/entrecourtiers.pro\/communication\/wp-content\/uploads\/2019\/07\/logo_premavals_petit.png\",\"contentUrl\":\"http:\/\/entrecourtiers.pro\/communication\/wp-content\/uploads\/2019\/07\/logo_premavals_petit.png\",\"width\":112,\"height\":37,\"caption\":\"PREMAVALS\"},\"image\":{\"@id\":\"https:\/\/entrecourtiers.pro\/communication\/#\/schema\/logo\/image\/\"}},{\"@type\":\"Person\",\"@id\":\"https:\/\/entrecourtiers.pro\/communication\/#\/schema\/person\/a44fac501b208c9b6176cb1367145496\",\"name\":\"Admin_Com\",\"image\":{\"@type\":\"ImageObject\",\"inLanguage\":\"fr-FR\",\"@id\":\"https:\/\/entrecourtiers.pro\/communication\/#\/schema\/person\/image\/\",\"url\":\"https:\/\/secure.gravatar.com\/avatar\/0390f027095677c3e27151bca8f83a5d?s=96&d=mm&r=g\",\"contentUrl\":\"https:\/\/secure.gravatar.com\/avatar\/0390f027095677c3e27151bca8f83a5d?s=96&d=mm&r=g\",\"caption\":\"Admin_Com\"}}]}<\/script>\n<!-- \/ Yoast SEO plugin. -->","yoast_head_json":{"title":"PREMAVALS lance un nouveau contrat retraite article 83 - PREMAVALS","robots":{"index":"noindex","follow":"follow"},"og_locale":"fr_FR","og_type":"article","og_title":"PREMAVALS lance un nouveau contrat retraite article 83 - PREMAVALS","og_description":"PER multi supports permettant aux chefs d\u2019entreprise de motiver et fid\u00e9liser leurs salari\u00e9s.","og_url":"https:\/\/entrecourtiers.pro\/communication\/premavals-lance-un-nouveau-contrat-retraite-article-83\/","og_site_name":"PREMAVALS","article_published_time":"2017-03-06T08:57:34+00:00","article_modified_time":"2019-01-18T10:20:26+00:00","og_image":[{"width":1280,"height":853,"url":"https:\/\/entrecourtiers.pro\/communication\/wp-content\/uploads\/2017\/03\/vignette_news_premaretraite.jpg","type":"image\/jpeg"}],"author":"Admin_Com","twitter_card":"summary_large_image","twitter_misc":{"\u00c9crit par":"Admin_Com","Dur\u00e9e de lecture estim\u00e9e":"16 minutes"},"schema":{"@context":"https:\/\/schema.org","@graph":[{"@type":"Article","@id":"https:\/\/entrecourtiers.pro\/communication\/premavals-lance-un-nouveau-contrat-retraite-article-83\/#article","isPartOf":{"@id":"https:\/\/entrecourtiers.pro\/communication\/premavals-lance-un-nouveau-contrat-retraite-article-83\/"},"author":{"name":"Admin_Com","@id":"https:\/\/entrecourtiers.pro\/communication\/#\/schema\/person\/a44fac501b208c9b6176cb1367145496"},"headline":"PREMAVALS lance un nouveau contrat retraite article 83","datePublished":"2017-03-06T08:57:34+00:00","dateModified":"2019-01-18T10:20:26+00:00","mainEntityOfPage":{"@id":"https:\/\/entrecourtiers.pro\/communication\/premavals-lance-un-nouveau-contrat-retraite-article-83\/"},"wordCount":3143,"publisher":{"@id":"https:\/\/entrecourtiers.pro\/communication\/#organization"},"keywords":["Epargne-retraite entreprise"],"articleSection":["Communiqu\u00e9"],"inLanguage":"fr-FR"},{"@type":"WebPage","@id":"https:\/\/entrecourtiers.pro\/communication\/premavals-lance-un-nouveau-contrat-retraite-article-83\/","url":"https:\/\/entrecourtiers.pro\/communication\/premavals-lance-un-nouveau-contrat-retraite-article-83\/","name":"PREMAVALS lance un nouveau contrat retraite article 83 - PREMAVALS","isPartOf":{"@id":"https:\/\/entrecourtiers.pro\/communication\/#website"},"datePublished":"2017-03-06T08:57:34+00:00","dateModified":"2019-01-18T10:20:26+00:00","breadcrumb":{"@id":"https:\/\/entrecourtiers.pro\/communication\/premavals-lance-un-nouveau-contrat-retraite-article-83\/#breadcrumb"},"inLanguage":"fr-FR","potentialAction":[{"@type":"ReadAction","target":["https:\/\/entrecourtiers.pro\/communication\/premavals-lance-un-nouveau-contrat-retraite-article-83\/"]}]},{"@type":"BreadcrumbList","@id":"https:\/\/entrecourtiers.pro\/communication\/premavals-lance-un-nouveau-contrat-retraite-article-83\/#breadcrumb","itemListElement":[{"@type":"ListItem","position":1,"name":"Accueil","item":"https:\/\/entrecourtiers.pro\/communication\/"},{"@type":"ListItem","position":2,"name":"Communiqu\u00e9","item":"https:\/\/entrecourtiers.pro\/communication\/cat\/communique-de-presse\/"},{"@type":"ListItem","position":3,"name":"PREMAVALS lance un nouveau contrat retraite article 83"}]},{"@type":"WebSite","@id":"https:\/\/entrecourtiers.pro\/communication\/#website","url":"https:\/\/entrecourtiers.pro\/communication\/","name":"PREMAVALS","description":"Entre Courtiers","publisher":{"@id":"https:\/\/entrecourtiers.pro\/communication\/#organization"},"potentialAction":[{"@type":"SearchAction","target":{"@type":"EntryPoint","urlTemplate":"https:\/\/entrecourtiers.pro\/communication\/?s={search_term_string}"},"query-input":"required name=search_term_string"}],"inLanguage":"fr-FR"},{"@type":"Organization","@id":"https:\/\/entrecourtiers.pro\/communication\/#organization","name":"PREMAVALS","url":"https:\/\/entrecourtiers.pro\/communication\/","logo":{"@type":"ImageObject","inLanguage":"fr-FR","@id":"https:\/\/entrecourtiers.pro\/communication\/#\/schema\/logo\/image\/","url":"http:\/\/entrecourtiers.pro\/communication\/wp-content\/uploads\/2019\/07\/logo_premavals_petit.png","contentUrl":"http:\/\/entrecourtiers.pro\/communication\/wp-content\/uploads\/2019\/07\/logo_premavals_petit.png","width":112,"height":37,"caption":"PREMAVALS"},"image":{"@id":"https:\/\/entrecourtiers.pro\/communication\/#\/schema\/logo\/image\/"}},{"@type":"Person","@id":"https:\/\/entrecourtiers.pro\/communication\/#\/schema\/person\/a44fac501b208c9b6176cb1367145496","name":"Admin_Com","image":{"@type":"ImageObject","inLanguage":"fr-FR","@id":"https:\/\/entrecourtiers.pro\/communication\/#\/schema\/person\/image\/","url":"https:\/\/secure.gravatar.com\/avatar\/0390f027095677c3e27151bca8f83a5d?s=96&d=mm&r=g","contentUrl":"https:\/\/secure.gravatar.com\/avatar\/0390f027095677c3e27151bca8f83a5d?s=96&d=mm&r=g","caption":"Admin_Com"}}]}},"jetpack_featured_media_url":"https:\/\/entrecourtiers.pro\/communication\/wp-content\/uploads\/2017\/03\/vignette_news_premaretraite.jpg","_links":{"self":[{"href":"https:\/\/entrecourtiers.pro\/communication\/wp-json\/wp\/v2\/posts\/21542"}],"collection":[{"href":"https:\/\/entrecourtiers.pro\/communication\/wp-json\/wp\/v2\/posts"}],"about":[{"href":"https:\/\/entrecourtiers.pro\/communication\/wp-json\/wp\/v2\/types\/post"}],"author":[{"embeddable":true,"href":"https:\/\/entrecourtiers.pro\/communication\/wp-json\/wp\/v2\/users\/1"}],"replies":[{"embeddable":true,"href":"https:\/\/entrecourtiers.pro\/communication\/wp-json\/wp\/v2\/comments?post=21542"}],"version-history":[{"count":0,"href":"https:\/\/entrecourtiers.pro\/communication\/wp-json\/wp\/v2\/posts\/21542\/revisions"}],"wp:featuredmedia":[{"embeddable":true,"href":"https:\/\/entrecourtiers.pro\/communication\/wp-json\/wp\/v2\/media\/24665"}],"wp:attachment":[{"href":"https:\/\/entrecourtiers.pro\/communication\/wp-json\/wp\/v2\/media?parent=21542"}],"wp:term":[{"taxonomy":"category","embeddable":true,"href":"https:\/\/entrecourtiers.pro\/communication\/wp-json\/wp\/v2\/categories?post=21542"},{"taxonomy":"post_tag","embeddable":true,"href":"https:\/\/entrecourtiers.pro\/communication\/wp-json\/wp\/v2\/tags?post=21542"}],"curies":[{"name":"wp","href":"https:\/\/api.w.org\/{rel}","templated":true}]}}