{"id":21527,"date":"2017-02-06T09:09:31","date_gmt":"2017-02-06T08:09:31","guid":{"rendered":"http:\/\/entrecourtiers.pro\/communication\/?p=21527"},"modified":"2017-09-20T16:29:32","modified_gmt":"2017-09-20T14:29:32","slug":"premavals-se-repositionne-sur-le-marche-de-lemprunteur","status":"publish","type":"post","link":"https:\/\/entrecourtiers.pro\/communication\/premavals-se-repositionne-sur-le-marche-de-lemprunteur\/","title":{"rendered":"PREMAVALS se repositionne sur le march\u00e9 de l&#8217;emprunteur"},"content":{"rendered":"<div class=\"wpb-content-wrapper\"><p>[vc_row css=\u00a0\u00bb.vc_custom_1493461039755{background-color: #ffffff !important;}\u00a0\u00bb][vc_column][vc_row_inner][vc_column_inner width=\u00a0\u00bb1\/4&Prime;][\/vc_column_inner][vc_column_inner width=\u00a0\u00bb1\/4&Prime;][\/vc_column_inner][vc_column_inner width=\u00a0\u00bb1\/4&Prime;][\/vc_column_inner][vc_column_inner width=\u00a0\u00bb1\/4&Prime;][vc_column_text]<\/p>\n<p style=\"text-align: right;\">le 6 f\u00e9vrier 2017<\/p>\n<p>[\/vc_column_text][\/vc_column_inner][\/vc_row_inner][vc_row_inner css=\u00a0\u00bb.vc_custom_1493461052060{padding-right: 25px !important;padding-left: 25px !important;background-color: #ffffff !important;}\u00a0\u00bb][vc_column_inner][dfd_spacer][vc_cta h2=\u00a0\u00bbPREMAVALS lance Emprunvals.3 &amp; Emprunvals.Individuel deux nouvelles assurances de pr\u00eats pour les 28-56 ans\u00a0\u00bb txt_align=\u00a0\u00bbcenter\u00a0\u00bb shape=\u00a0\u00bbsquare\u00a0\u00bb style=\u00a0\u00bbcustom\u00a0\u00bb custom_background=\u00a0\u00bb#ffffff\u00a0\u00bb]Pr\u00e9sent sur le march\u00e9 de l\u2019emprunteur depuis 2007, PREMAVALS \u00e9toffe son catalogue avec deux nouvelles assurances de pr\u00eats forfaitaires :<br \/>\n<strong>Emprunvals.3 et Emprunvals.Individuel.<\/strong><br \/>\nConformes \u00e0 la r\u00e8glementation et adapt\u00e9s \u00e0 tous les types de pr\u00eats1, ces deux nouveaux contrats sont particuli\u00e8rement comp\u00e9titifs sur la cible des 28-56 ans.[\/vc_cta][dfd_spacer][vc_empty_space][dfd_heading style=\u00a0\u00bbstyle_02&Prime; subtitle=\u00a0\u00bb\u00a0\u00bb content_alignment=\u00a0\u00bbtext-left\u00a0\u00bb delimiter_settings=\u00a0\u00bbdelimiter_style:solid|delimiter_width:80|delimiter_height:1&Prime; title_font_options=\u00a0\u00bbtag:h5&Prime; subtitle_font_options=\u00a0\u00bbtag:h3&Prime;]Deux offres forfaitaires, compl\u00e9mentaires et 100 % CCSF compatibles[\/dfd_heading][dfd_spacer][vc_column_text]<strong>Emprunvals.3 : contrat en capital restant d\u00fb<\/strong><br \/>\nLes garanties de cette 3e version du contrat collectif Emprunvals ont \u00e9t\u00e9 mises en conformit\u00e9, ses tarifs repositionn\u00e9s tout en maintenant ses points forts :<br \/>\n\u2022 des conditions g\u00e9n\u00e9rales tr\u00e8s souples,<br \/>\n\u2022 peu d\u2019exclusions,<br \/>\n\u2022 une couverture dans le monde entier,<br \/>\n\u2022 la couverture des affections disco-vert\u00e9brales, psychiques et psychiatriques sans prise en charge,<br \/>\n\u2022 une adh\u00e9sion jusqu\u2019\u00e0 75 ans pour les garanties D\u00e9c\u00e8s\/PTIA et jusqu\u2019\u00e0 60 ans pour les autres garanties.[\/vc_column_text][vc_column_text]<strong>Emprunvals. Individuel : nouveau contrat en capital initial<\/strong><br \/>\nR\u00e9pondant \u00e0 la demande de son r\u00e9seau de distribution PREMAVALS enrichit son offre d\u2019un contrat individuel :<br \/>\n\u2022 3 franchises au choix (60, 90 ou 180 jours),<br \/>\n\u2022 option prise en charge des affections disco-vert\u00e9brales, psychiques et psychiatriques,<br \/>\n\u2022 cotisations minor\u00e9es en cas de rachat partiel,<br \/>\n\u2022 adh\u00e9sion jusqu\u2019\u00e0 83 ans pour les garanties D\u00e9c\u00e8s\/PTIA et jusqu\u2019\u00e0 64 ans pour les autres garanties.[\/vc_column_text][vc_column_text]<strong>Les points forts de ces 2 contrats :<\/strong><br \/>\n\u2022 3 formules de garanties2 3,<br \/>\n\u2022 irr\u00e9vocabilit\u00e9 des garanties en cas de changement de statut professionnel,<br \/>\n\u2022 couverture du mi-temps th\u00e9rapeutique,<br \/>\n\u2022 couverture des assur\u00e9s en cas d\u2019inactivit\u00e9 professionnelle au moment du sinistre,<br \/>\n\u2022 couverture des professions \u00e0 risque et des personnes pr\u00e9sentant un risque aggrav\u00e9 de sant\u00e9.[\/vc_column_text][dfd_spacer][dfd_spacer][dfd_heading style=\u00a0\u00bbstyle_02&Prime; subtitle=\u00a0\u00bb\u00a0\u00bb content_alignment=\u00a0\u00bbtext-left\u00a0\u00bb delimiter_settings=\u00a0\u00bbdelimiter_style:solid|delimiter_width:80|delimiter_height:1&Prime; title_font_options=\u00a0\u00bbtag:h5&Prime; subtitle_font_options=\u00a0\u00bbtag:h3&Prime;]Des tarifs comp\u00e9titifs sur la cible des 28-56 ans[\/dfd_heading][vc_column_text]Dans un contexte o\u00f9 les taux des pr\u00eats immobiliers sont historiquement bas et l\u2019ouverture \u00e0 la concurrence du march\u00e9 de l\u2019assurance emprunteur facilit\u00e9e par les dispositifs Hamon et Sapin II, PREMAVALS a pr\u00eat\u00e9 une attention particuli\u00e8re au positionnement tarifaire de ses offres.<br \/>\nLes tarifs des contrats Emprunvals.3 et Emprunvals.Individuel ont \u00e9t\u00e9 calcul\u00e9s selon une segmentation4 rigoureuse des futurs assur\u00e9s de mani\u00e8re \u00e0 ce que le co\u00fbt de l\u2019assurance n\u2019impacte pas les mensualit\u00e9s du cr\u00e9dit, quels que soient le profil et les besoins de l\u2019emprunteur.<br \/>\n\u2022 Emprunvals.3 est comp\u00e9titif sur la cible des seniors et des risques aggrav\u00e9s.<br \/>\n\u2022 Emprunvals.Individuel se positionne sur tous les profils d\u2019emprunteurs (primo-acc\u00e9dants, investisseurs et jeunes seniors) souscrivant une garantie de base ou compl\u00e8te avec rachat. Cette offre se d\u00e9marque \u00e9galement sur la cible des fumeurs (jusqu\u2019\u00e0 60 % de r\u00e9duction5.)[\/vc_column_text][vc_empty_space][dfd_heading style=\u00a0\u00bbstyle_02&Prime; subtitle=\u00a0\u00bb\u00a0\u00bb content_alignment=\u00a0\u00bbtext-left\u00a0\u00bb delimiter_settings=\u00a0\u00bbdelimiter_style:solid|delimiter_width:80|delimiter_height:1&Prime; title_font_options=\u00a0\u00bbtag:h5&Prime; subtitle_font_options=\u00a0\u00bbtag:h3&Prime;]Une adh\u00e9sion et une gestion simples et rapides[\/dfd_heading][vc_column_text]<strong>Par des formalit\u00e9s m\u00e9dicales simplifi\u00e9es<\/strong><br \/>\nUn simple questionnaire de sant\u00e9 suffit pour les emprunteurs \u00e2g\u00e9s de moins de 45 ans (Emprunvals.3) ou de moins de 50 ans (Emprunvals.Individuel6) souscrivant un pr\u00eat inf\u00e9rieur ou \u00e9gal \u00e0 400 000 euros.<br \/>\nLes examens m\u00e9dicaux compl\u00e9mentaires peuvent \u00eatre r\u00e9alis\u00e9s en une fois et gratuitement dans l\u2019un des centres m\u00e9dicaux agr\u00e9\u00e9s par PREMAVALS.[\/vc_column_text][vc_column_text]<strong>Par le parcours full num\u00e9rique du contrat<\/strong><br \/>\nAfin d\u2019apporter une qualit\u00e9 de service tout au long de la vie du contrat et de faire b\u00e9n\u00e9ficier d\u2019un avantage concurrentiel \u00e0 son r\u00e9seau de distribution, PREMAVALS met en place le parcours 100 % digitalis\u00e9 de ses offres Emprunvals.<br \/>\nCourtiers et emprunteurs peuvent intervenir en temps r\u00e9el du projet au sinistre sur leurs espaces respectifs s\u00e9curis\u00e9s et accessibles sur tous les supports num\u00e9riques :<br \/>\n\u2022 le nouveau tarificateur : garantit au courtier d\u2019augmenter son taux de transformation par la saisie rapide des donn\u00e9es, la simulation et la comparaison des devis et le suivi et la modification des dossiers.<br \/>\n\u2022 l\u2019espace adh\u00e9sion du client : l\u2019emprunteur y acc\u00e9l\u00e8re la concr\u00e9tisation de son projet immobilier notamment gr\u00e2ce \u00e0 la signature \u00e9lectronique des documents contractuels y compris m\u00e9dicaux.<br \/>\n\u2022 l\u2019espace personnel de l\u2019assur\u00e9 : permet \u00e0 ce dernier de g\u00e9rer son contrat en toute autonomie par l\u2019acc\u00e8s \u00e0 l\u2019ensemble des documents contractuels sign\u00e9s, la d\u00e9claration en ligne d\u2019un sinistre \u00e9ventuel ou le suivi du r\u00e8glement des prestations.[\/vc_column_text][dfd_heading style=\u00a0\u00bbstyle_02&Prime; subtitle=\u00a0\u00bb\u00a0\u00bb content_alignment=\u00a0\u00bbtext-left\u00a0\u00bb delimiter_settings=\u00a0\u00bbdelimiter_style:solid|delimiter_width:80|delimiter_height:1&Prime; title_font_options=\u00a0\u00bbtag:h5&Prime; subtitle_font_options=\u00a0\u00bbtag:h3&Prime;]Commercialisation[\/dfd_heading][vc_column_text]La commercialisation de ces offres est r\u00e9serv\u00e9e aux partenaires de PREMAVALS.[\/vc_column_text][dfd_heading style=\u00a0\u00bbstyle_02&Prime; subtitle=\u00a0\u00bb\u00a0\u00bb content_alignment=\u00a0\u00bbtext-left\u00a0\u00bb delimiter_settings=\u00a0\u00bbdelimiter_style:solid|delimiter_width:80|delimiter_height:1&Prime; title_font_options=\u00a0\u00bbtag:h5&Prime; subtitle_font_options=\u00a0\u00bbtag:h3&Prime;]A propos[\/dfd_heading][dfd_spacer][vc_column_text]Cr\u00e9\u00e9 en avril 2000 PREMAVALS est un courtier grossiste sp\u00e9cialiste de la protection sociale des entreprises et des entrepreneurs pour lesquels il con\u00e7oit des solutions haut de gamme de sant\u00e9, de pr\u00e9voyance et de retraite.<br \/>\nLes produits PREMAVALS sont exclusivement commercialis\u00e9s par ses partenaires courtiers en assurances et conseillers en gestion de patrimoine.[\/vc_column_text][dfd_spacer][\/vc_column_inner][\/vc_row_inner][\/vc_column][\/vc_row][vc_row][vc_column][vc_empty_space][\/vc_column][\/vc_row][vc_row][vc_column][\/vc_column][\/vc_row][vc_row][vc_column][\/vc_column][\/vc_row]<\/p>\n<\/div>","protected":false},"excerpt":{"rendered":"<p>Avec deux nouvelles assurances de pr\u00eats pour les 28-56 ans.<\/p>\n","protected":false},"author":1,"featured_media":24664,"comment_status":"closed","ping_status":"open","sticky":false,"template":"","format":"standard","meta":{"footnotes":""},"categories":[330],"tags":[315],"acf":[],"yoast_head":"<!-- This site is optimized with the Yoast SEO plugin v21.6 - https:\/\/yoast.com\/wordpress\/plugins\/seo\/ -->\n<title>PREMAVALS se repositionne sur le march\u00e9 de l&#039;emprunteur - PREMAVALS<\/title>\n<meta name=\"robots\" content=\"noindex, follow\" \/>\n<meta property=\"og:locale\" content=\"fr_FR\" \/>\n<meta property=\"og:type\" content=\"article\" \/>\n<meta property=\"og:title\" content=\"PREMAVALS se repositionne sur le march\u00e9 de l&#039;emprunteur - PREMAVALS\" \/>\n<meta property=\"og:description\" content=\"Avec deux nouvelles assurances de pr\u00eats pour les 28-56 ans.\" \/>\n<meta property=\"og:url\" content=\"https:\/\/entrecourtiers.pro\/communication\/premavals-se-repositionne-sur-le-marche-de-lemprunteur\/\" \/>\n<meta property=\"og:site_name\" content=\"PREMAVALS\" \/>\n<meta property=\"article:published_time\" content=\"2017-02-06T08:09:31+00:00\" \/>\n<meta property=\"article:modified_time\" content=\"2017-09-20T14:29:32+00:00\" \/>\n<meta property=\"og:image\" content=\"https:\/\/entrecourtiers.pro\/communication\/wp-content\/uploads\/2017\/03\/vignette_news_empind.jpg\" \/>\n\t<meta property=\"og:image:width\" content=\"1280\" \/>\n\t<meta property=\"og:image:height\" content=\"853\" \/>\n\t<meta property=\"og:image:type\" content=\"image\/jpeg\" \/>\n<meta name=\"author\" content=\"Admin_Com\" \/>\n<meta name=\"twitter:card\" content=\"summary_large_image\" \/>\n<meta name=\"twitter:label1\" content=\"\u00c9crit par\" \/>\n\t<meta name=\"twitter:data1\" content=\"Admin_Com\" \/>\n\t<meta name=\"twitter:label2\" content=\"Dur\u00e9e de lecture estim\u00e9e\" \/>\n\t<meta name=\"twitter:data2\" content=\"6 minutes\" \/>\n<script type=\"application\/ld+json\" class=\"yoast-schema-graph\">{\"@context\":\"https:\/\/schema.org\",\"@graph\":[{\"@type\":\"Article\",\"@id\":\"https:\/\/entrecourtiers.pro\/communication\/premavals-se-repositionne-sur-le-marche-de-lemprunteur\/#article\",\"isPartOf\":{\"@id\":\"https:\/\/entrecourtiers.pro\/communication\/premavals-se-repositionne-sur-le-marche-de-lemprunteur\/\"},\"author\":{\"name\":\"Admin_Com\",\"@id\":\"https:\/\/entrecourtiers.pro\/communication\/#\/schema\/person\/a44fac501b208c9b6176cb1367145496\"},\"headline\":\"PREMAVALS se repositionne sur le march\u00e9 de l&#8217;emprunteur\",\"datePublished\":\"2017-02-06T08:09:31+00:00\",\"dateModified\":\"2017-09-20T14:29:32+00:00\",\"mainEntityOfPage\":{\"@id\":\"https:\/\/entrecourtiers.pro\/communication\/premavals-se-repositionne-sur-le-marche-de-lemprunteur\/\"},\"wordCount\":1119,\"publisher\":{\"@id\":\"https:\/\/entrecourtiers.pro\/communication\/#organization\"},\"keywords\":[\"Assurance de pr\u00eat\"],\"articleSection\":[\"Communiqu\u00e9\"],\"inLanguage\":\"fr-FR\"},{\"@type\":\"WebPage\",\"@id\":\"https:\/\/entrecourtiers.pro\/communication\/premavals-se-repositionne-sur-le-marche-de-lemprunteur\/\",\"url\":\"https:\/\/entrecourtiers.pro\/communication\/premavals-se-repositionne-sur-le-marche-de-lemprunteur\/\",\"name\":\"PREMAVALS se repositionne sur le march\u00e9 de l'emprunteur - PREMAVALS\",\"isPartOf\":{\"@id\":\"https:\/\/entrecourtiers.pro\/communication\/#website\"},\"datePublished\":\"2017-02-06T08:09:31+00:00\",\"dateModified\":\"2017-09-20T14:29:32+00:00\",\"breadcrumb\":{\"@id\":\"https:\/\/entrecourtiers.pro\/communication\/premavals-se-repositionne-sur-le-marche-de-lemprunteur\/#breadcrumb\"},\"inLanguage\":\"fr-FR\",\"potentialAction\":[{\"@type\":\"ReadAction\",\"target\":[\"https:\/\/entrecourtiers.pro\/communication\/premavals-se-repositionne-sur-le-marche-de-lemprunteur\/\"]}]},{\"@type\":\"BreadcrumbList\",\"@id\":\"https:\/\/entrecourtiers.pro\/communication\/premavals-se-repositionne-sur-le-marche-de-lemprunteur\/#breadcrumb\",\"itemListElement\":[{\"@type\":\"ListItem\",\"position\":1,\"name\":\"Accueil\",\"item\":\"https:\/\/entrecourtiers.pro\/communication\/\"},{\"@type\":\"ListItem\",\"position\":2,\"name\":\"Communiqu\u00e9\",\"item\":\"https:\/\/entrecourtiers.pro\/communication\/cat\/communique-de-presse\/\"},{\"@type\":\"ListItem\",\"position\":3,\"name\":\"PREMAVALS se repositionne sur le march\u00e9 de l&#8217;emprunteur\"}]},{\"@type\":\"WebSite\",\"@id\":\"https:\/\/entrecourtiers.pro\/communication\/#website\",\"url\":\"https:\/\/entrecourtiers.pro\/communication\/\",\"name\":\"PREMAVALS\",\"description\":\"Entre Courtiers\",\"publisher\":{\"@id\":\"https:\/\/entrecourtiers.pro\/communication\/#organization\"},\"potentialAction\":[{\"@type\":\"SearchAction\",\"target\":{\"@type\":\"EntryPoint\",\"urlTemplate\":\"https:\/\/entrecourtiers.pro\/communication\/?s={search_term_string}\"},\"query-input\":\"required name=search_term_string\"}],\"inLanguage\":\"fr-FR\"},{\"@type\":\"Organization\",\"@id\":\"https:\/\/entrecourtiers.pro\/communication\/#organization\",\"name\":\"PREMAVALS\",\"url\":\"https:\/\/entrecourtiers.pro\/communication\/\",\"logo\":{\"@type\":\"ImageObject\",\"inLanguage\":\"fr-FR\",\"@id\":\"https:\/\/entrecourtiers.pro\/communication\/#\/schema\/logo\/image\/\",\"url\":\"http:\/\/entrecourtiers.pro\/communication\/wp-content\/uploads\/2019\/07\/logo_premavals_petit.png\",\"contentUrl\":\"http:\/\/entrecourtiers.pro\/communication\/wp-content\/uploads\/2019\/07\/logo_premavals_petit.png\",\"width\":112,\"height\":37,\"caption\":\"PREMAVALS\"},\"image\":{\"@id\":\"https:\/\/entrecourtiers.pro\/communication\/#\/schema\/logo\/image\/\"}},{\"@type\":\"Person\",\"@id\":\"https:\/\/entrecourtiers.pro\/communication\/#\/schema\/person\/a44fac501b208c9b6176cb1367145496\",\"name\":\"Admin_Com\",\"image\":{\"@type\":\"ImageObject\",\"inLanguage\":\"fr-FR\",\"@id\":\"https:\/\/entrecourtiers.pro\/communication\/#\/schema\/person\/image\/\",\"url\":\"https:\/\/secure.gravatar.com\/avatar\/0390f027095677c3e27151bca8f83a5d?s=96&d=mm&r=g\",\"contentUrl\":\"https:\/\/secure.gravatar.com\/avatar\/0390f027095677c3e27151bca8f83a5d?s=96&d=mm&r=g\",\"caption\":\"Admin_Com\"}}]}<\/script>\n<!-- \/ Yoast SEO plugin. -->","yoast_head_json":{"title":"PREMAVALS se repositionne sur le march\u00e9 de l'emprunteur - PREMAVALS","robots":{"index":"noindex","follow":"follow"},"og_locale":"fr_FR","og_type":"article","og_title":"PREMAVALS se repositionne sur le march\u00e9 de l'emprunteur - PREMAVALS","og_description":"Avec deux nouvelles assurances de pr\u00eats pour les 28-56 ans.","og_url":"https:\/\/entrecourtiers.pro\/communication\/premavals-se-repositionne-sur-le-marche-de-lemprunteur\/","og_site_name":"PREMAVALS","article_published_time":"2017-02-06T08:09:31+00:00","article_modified_time":"2017-09-20T14:29:32+00:00","og_image":[{"width":1280,"height":853,"url":"https:\/\/entrecourtiers.pro\/communication\/wp-content\/uploads\/2017\/03\/vignette_news_empind.jpg","type":"image\/jpeg"}],"author":"Admin_Com","twitter_card":"summary_large_image","twitter_misc":{"\u00c9crit par":"Admin_Com","Dur\u00e9e de lecture estim\u00e9e":"6 minutes"},"schema":{"@context":"https:\/\/schema.org","@graph":[{"@type":"Article","@id":"https:\/\/entrecourtiers.pro\/communication\/premavals-se-repositionne-sur-le-marche-de-lemprunteur\/#article","isPartOf":{"@id":"https:\/\/entrecourtiers.pro\/communication\/premavals-se-repositionne-sur-le-marche-de-lemprunteur\/"},"author":{"name":"Admin_Com","@id":"https:\/\/entrecourtiers.pro\/communication\/#\/schema\/person\/a44fac501b208c9b6176cb1367145496"},"headline":"PREMAVALS se repositionne sur le march\u00e9 de l&#8217;emprunteur","datePublished":"2017-02-06T08:09:31+00:00","dateModified":"2017-09-20T14:29:32+00:00","mainEntityOfPage":{"@id":"https:\/\/entrecourtiers.pro\/communication\/premavals-se-repositionne-sur-le-marche-de-lemprunteur\/"},"wordCount":1119,"publisher":{"@id":"https:\/\/entrecourtiers.pro\/communication\/#organization"},"keywords":["Assurance de pr\u00eat"],"articleSection":["Communiqu\u00e9"],"inLanguage":"fr-FR"},{"@type":"WebPage","@id":"https:\/\/entrecourtiers.pro\/communication\/premavals-se-repositionne-sur-le-marche-de-lemprunteur\/","url":"https:\/\/entrecourtiers.pro\/communication\/premavals-se-repositionne-sur-le-marche-de-lemprunteur\/","name":"PREMAVALS se repositionne sur le march\u00e9 de l'emprunteur - PREMAVALS","isPartOf":{"@id":"https:\/\/entrecourtiers.pro\/communication\/#website"},"datePublished":"2017-02-06T08:09:31+00:00","dateModified":"2017-09-20T14:29:32+00:00","breadcrumb":{"@id":"https:\/\/entrecourtiers.pro\/communication\/premavals-se-repositionne-sur-le-marche-de-lemprunteur\/#breadcrumb"},"inLanguage":"fr-FR","potentialAction":[{"@type":"ReadAction","target":["https:\/\/entrecourtiers.pro\/communication\/premavals-se-repositionne-sur-le-marche-de-lemprunteur\/"]}]},{"@type":"BreadcrumbList","@id":"https:\/\/entrecourtiers.pro\/communication\/premavals-se-repositionne-sur-le-marche-de-lemprunteur\/#breadcrumb","itemListElement":[{"@type":"ListItem","position":1,"name":"Accueil","item":"https:\/\/entrecourtiers.pro\/communication\/"},{"@type":"ListItem","position":2,"name":"Communiqu\u00e9","item":"https:\/\/entrecourtiers.pro\/communication\/cat\/communique-de-presse\/"},{"@type":"ListItem","position":3,"name":"PREMAVALS se repositionne sur le march\u00e9 de l&#8217;emprunteur"}]},{"@type":"WebSite","@id":"https:\/\/entrecourtiers.pro\/communication\/#website","url":"https:\/\/entrecourtiers.pro\/communication\/","name":"PREMAVALS","description":"Entre Courtiers","publisher":{"@id":"https:\/\/entrecourtiers.pro\/communication\/#organization"},"potentialAction":[{"@type":"SearchAction","target":{"@type":"EntryPoint","urlTemplate":"https:\/\/entrecourtiers.pro\/communication\/?s={search_term_string}"},"query-input":"required name=search_term_string"}],"inLanguage":"fr-FR"},{"@type":"Organization","@id":"https:\/\/entrecourtiers.pro\/communication\/#organization","name":"PREMAVALS","url":"https:\/\/entrecourtiers.pro\/communication\/","logo":{"@type":"ImageObject","inLanguage":"fr-FR","@id":"https:\/\/entrecourtiers.pro\/communication\/#\/schema\/logo\/image\/","url":"http:\/\/entrecourtiers.pro\/communication\/wp-content\/uploads\/2019\/07\/logo_premavals_petit.png","contentUrl":"http:\/\/entrecourtiers.pro\/communication\/wp-content\/uploads\/2019\/07\/logo_premavals_petit.png","width":112,"height":37,"caption":"PREMAVALS"},"image":{"@id":"https:\/\/entrecourtiers.pro\/communication\/#\/schema\/logo\/image\/"}},{"@type":"Person","@id":"https:\/\/entrecourtiers.pro\/communication\/#\/schema\/person\/a44fac501b208c9b6176cb1367145496","name":"Admin_Com","image":{"@type":"ImageObject","inLanguage":"fr-FR","@id":"https:\/\/entrecourtiers.pro\/communication\/#\/schema\/person\/image\/","url":"https:\/\/secure.gravatar.com\/avatar\/0390f027095677c3e27151bca8f83a5d?s=96&d=mm&r=g","contentUrl":"https:\/\/secure.gravatar.com\/avatar\/0390f027095677c3e27151bca8f83a5d?s=96&d=mm&r=g","caption":"Admin_Com"}}]}},"jetpack_featured_media_url":"https:\/\/entrecourtiers.pro\/communication\/wp-content\/uploads\/2017\/03\/vignette_news_empind.jpg","_links":{"self":[{"href":"https:\/\/entrecourtiers.pro\/communication\/wp-json\/wp\/v2\/posts\/21527"}],"collection":[{"href":"https:\/\/entrecourtiers.pro\/communication\/wp-json\/wp\/v2\/posts"}],"about":[{"href":"https:\/\/entrecourtiers.pro\/communication\/wp-json\/wp\/v2\/types\/post"}],"author":[{"embeddable":true,"href":"https:\/\/entrecourtiers.pro\/communication\/wp-json\/wp\/v2\/users\/1"}],"replies":[{"embeddable":true,"href":"https:\/\/entrecourtiers.pro\/communication\/wp-json\/wp\/v2\/comments?post=21527"}],"version-history":[{"count":0,"href":"https:\/\/entrecourtiers.pro\/communication\/wp-json\/wp\/v2\/posts\/21527\/revisions"}],"wp:featuredmedia":[{"embeddable":true,"href":"https:\/\/entrecourtiers.pro\/communication\/wp-json\/wp\/v2\/media\/24664"}],"wp:attachment":[{"href":"https:\/\/entrecourtiers.pro\/communication\/wp-json\/wp\/v2\/media?parent=21527"}],"wp:term":[{"taxonomy":"category","embeddable":true,"href":"https:\/\/entrecourtiers.pro\/communication\/wp-json\/wp\/v2\/categories?post=21527"},{"taxonomy":"post_tag","embeddable":true,"href":"https:\/\/entrecourtiers.pro\/communication\/wp-json\/wp\/v2\/tags?post=21527"}],"curies":[{"name":"wp","href":"https:\/\/api.w.org\/{rel}","templated":true}]}}